{"id":1101,"date":"2015-01-25T18:44:12","date_gmt":"2015-01-25T18:44:12","guid":{"rendered":"http:\/\/raval.es\/elx\/?p=1101"},"modified":"2017-02-09T20:19:11","modified_gmt":"2017-02-09T20:19:11","slug":"moriscos-del-sud-valencia-memoria-dun-poble-oblidat-1609-2009","status":"publish","type":"post","link":"https:\/\/raval.es\/elx\/moriscos-del-sud-valencia-memoria-dun-poble-oblidat-1609-2009\/","title":{"rendered":"Els moriscos i la repoblaci\u00f3 de la Universitat del Raval (1609)"},"content":{"rendered":"<div id=\"fb-root\"><\/div>\n<p><img loading=\"lazy\" decoding=\"async\" class=\"size-medium wp-image-1102 alignleft\" src=\"http:\/\/raval.es\/elx\/wp-content\/uploads\/2017\/01\/moriscos-300x199.jpg\" alt=\"moriscos\" width=\"300\" height=\"199\" srcset=\"https:\/\/raval.es\/elx\/wp-content\/uploads\/2017\/01\/moriscos-300x199.jpg 300w, https:\/\/raval.es\/elx\/wp-content\/uploads\/2017\/01\/moriscos.jpg 752w\" sizes=\"auto, (max-width: 300px) 100vw, 300px\" \/><strong>CONFER\u00c8NCIA\u00a0 i EXPOSICI\u00d3<\/strong><br \/>\nEl 5 de maig a les 19:30h al Museu Contemporani\u00a0 es va oferir la confer\u00e8ncia:<br \/>\n<strong>Els moriscos i la repoblaci\u00f3 de la Universitat del Raval (1609)<\/strong><br \/>\na c\u00e0rrec de Jos\u00e9 Antonio Serrano Oliver, Professor de Geografia i Hist\u00f2ria a l\u00b4IES\u00a0L\u00b4Assumpci\u00f3 d\u00b4Elx i professor de did\u00e0ctica de les Ci\u00e8ncies Socials a la UMH.<\/p>\n","protected":false},"excerpt":{"rendered":"<p>CONFER\u00c8NCIA\u00a0 i EXPOSICI\u00d3 El 5 de maig a les 19:30h al Museu Contemporani\u00a0 es va oferir la confer\u00e8ncia: Els moriscos i la repoblaci\u00f3 de la Universitat del Raval (1609) a c\u00e0rrec de Jos\u00e9 Antonio Serrano Oliver, Professor de Geografia i Hist\u00f2ria a l\u00b4IES\u00a0L\u00b4Assumpci\u00f3 d\u00b4Elx i professor de did\u00e0ctica de les Ci\u00e8ncies Socials a la UMH.<\/p>\n","protected":false},"author":1,"featured_media":0,"comment_status":"open","ping_status":"open","sticky":false,"template":"","format":"standard","meta":{"_et_pb_use_builder":"","_et_pb_old_content":"","_et_gb_content_width":"","_joinchat":[],"footnotes":""},"categories":[65,64,51],"tags":[],"class_list":["post-1101","post","type-post","status-publish","format-standard","hentry","category-2016-750-aniversari","category-actividades","category-noticias"],"_links":{"self":[{"href":"https:\/\/raval.es\/elx\/wp-json\/wp\/v2\/posts\/1101","targetHints":{"allow":["GET"]}}],"collection":[{"href":"https:\/\/raval.es\/elx\/wp-json\/wp\/v2\/posts"}],"about":[{"href":"https:\/\/raval.es\/elx\/wp-json\/wp\/v2\/types\/post"}],"author":[{"embeddable":true,"href":"https:\/\/raval.es\/elx\/wp-json\/wp\/v2\/users\/1"}],"replies":[{"embeddable":true,"href":"https:\/\/raval.es\/elx\/wp-json\/wp\/v2\/comments?post=1101"}],"version-history":[{"count":2,"href":"https:\/\/raval.es\/elx\/wp-json\/wp\/v2\/posts\/1101\/revisions"}],"predecessor-version":[{"id":1104,"href":"https:\/\/raval.es\/elx\/wp-json\/wp\/v2\/posts\/1101\/revisions\/1104"}],"wp:attachment":[{"href":"https:\/\/raval.es\/elx\/wp-json\/wp\/v2\/media?parent=1101"}],"wp:term":[{"taxonomy":"category","embeddable":true,"href":"https:\/\/raval.es\/elx\/wp-json\/wp\/v2\/categories?post=1101"},{"taxonomy":"post_tag","embeddable":true,"href":"https:\/\/raval.es\/elx\/wp-json\/wp\/v2\/tags?post=1101"}],"curies":[{"name":"wp","href":"https:\/\/api.w.org\/{rel}","templated":true}]}}