{"id":1284,"date":"2017-03-04T21:29:08","date_gmt":"2017-03-04T21:29:08","guid":{"rendered":"http:\/\/raval.es\/elx\/?p=1284"},"modified":"2017-03-05T00:32:53","modified_gmt":"2017-03-05T00:32:53","slug":"activitats-per-a-marc","status":"publish","type":"post","link":"https:\/\/raval.es\/elx\/activitats-per-a-marc\/","title":{"rendered":"Activitats per a Mar\u00e7"},"content":{"rendered":"<div id=\"fb-root\"><\/div>\n<p><img loading=\"lazy\" decoding=\"async\" class=\"alignnone size-medium wp-image-1272\" src=\"http:\/\/raval.es\/elx\/wp-content\/uploads\/2017\/03\/Marc\u0327FB-300x158.jpg\" alt=\"\" width=\"300\" height=\"158\" \/> <img loading=\"lazy\" decoding=\"async\" class=\"alignnone size-medium wp-image-1275\" src=\"http:\/\/raval.es\/elx\/wp-content\/uploads\/2017\/03\/Marc\u0327FB4-300x158.jpg\" alt=\"\" width=\"300\" height=\"158\" srcset=\"https:\/\/raval.es\/elx\/wp-content\/uploads\/2017\/03\/Marc\u0327FB4-300x158.jpg 300w, https:\/\/raval.es\/elx\/wp-content\/uploads\/2017\/03\/Marc\u0327FB4-768x405.jpg 768w, https:\/\/raval.es\/elx\/wp-content\/uploads\/2017\/03\/Marc\u0327FB4-1024x539.jpg 1024w, https:\/\/raval.es\/elx\/wp-content\/uploads\/2017\/03\/Marc\u0327FB4-1080x569.jpg 1080w, https:\/\/raval.es\/elx\/wp-content\/uploads\/2017\/03\/Marc\u0327FB4.jpg 1122w\" sizes=\"auto, (max-width: 300px) 100vw, 300px\" \/><img loading=\"lazy\" decoding=\"async\" class=\"alignnone size-medium wp-image-1274\" style=\"line-height: 1.7em;\" src=\"http:\/\/raval.es\/elx\/wp-content\/uploads\/2017\/03\/Marc\u0327FB3-300x158.jpg\" alt=\"\" width=\"300\" height=\"158\" srcset=\"https:\/\/raval.es\/elx\/wp-content\/uploads\/2017\/03\/Marc\u0327FB3-300x158.jpg 300w, https:\/\/raval.es\/elx\/wp-content\/uploads\/2017\/03\/Marc\u0327FB3-768x405.jpg 768w, https:\/\/raval.es\/elx\/wp-content\/uploads\/2017\/03\/Marc\u0327FB3-1024x539.jpg 1024w, https:\/\/raval.es\/elx\/wp-content\/uploads\/2017\/03\/Marc\u0327FB3-1080x569.jpg 1080w, https:\/\/raval.es\/elx\/wp-content\/uploads\/2017\/03\/Marc\u0327FB3.jpg 1122w\" sizes=\"auto, (max-width: 300px) 100vw, 300px\" \/><img loading=\"lazy\" decoding=\"async\" class=\"alignnone size-medium wp-image-1273\" style=\"line-height: 23.8px;\" src=\"http:\/\/raval.es\/elx\/wp-content\/uploads\/2017\/03\/Marc\u0327FB2-300x158.jpg\" alt=\"\" width=\"300\" height=\"158\" srcset=\"https:\/\/raval.es\/elx\/wp-content\/uploads\/2017\/03\/Marc\u0327FB2-300x158.jpg 300w, https:\/\/raval.es\/elx\/wp-content\/uploads\/2017\/03\/Marc\u0327FB2-768x405.jpg 768w, https:\/\/raval.es\/elx\/wp-content\/uploads\/2017\/03\/Marc\u0327FB2-1024x539.jpg 1024w, https:\/\/raval.es\/elx\/wp-content\/uploads\/2017\/03\/Marc\u0327FB2-1080x569.jpg 1080w, https:\/\/raval.es\/elx\/wp-content\/uploads\/2017\/03\/Marc\u0327FB2.jpg 1122w\" sizes=\"auto, (max-width: 300px) 100vw, 300px\" \/><\/p>\n<p>La visita teatralitzada a L&#8217;Alc\u00fadia es realitzar\u00e0 si arribem al m\u00ednim d&#8217;inscripcions que ens demanen. Per aix\u00f3, vos demanem als que estigueu interessats que les inscripcions es realitzen abans del 13 de mar\u00e7.<\/p>\n<p>Si no es puguera fer aquesta visita teatralitzada intentarem fer-la amb un guia.<\/p>\n","protected":false},"excerpt":{"rendered":"<p>La visita teatralitzada a L&#8217;Alc\u00fadia es realitzar\u00e0 si arribem al m\u00ednim d&#8217;inscripcions que ens demanen. Per aix\u00f3, vos demanem als que estigueu interessats que les inscripcions es realitzen abans del 13 de mar\u00e7. Si no es puguera fer aquesta visita teatralitzada intentarem fer-la amb un guia.<\/p>\n","protected":false},"author":3,"featured_media":1272,"comment_status":"open","ping_status":"open","sticky":false,"template":"","format":"standard","meta":{"_et_pb_use_builder":"","_et_pb_old_content":"","_et_gb_content_width":"","_joinchat":[],"footnotes":""},"categories":[75,64,51,70],"tags":[],"class_list":["post-1284","post","type-post","status-publish","format-standard","has-post-thumbnail","hentry","category-75","category-actividades","category-noticias","category-senderisme"],"_links":{"self":[{"href":"https:\/\/raval.es\/elx\/wp-json\/wp\/v2\/posts\/1284","targetHints":{"allow":["GET"]}}],"collection":[{"href":"https:\/\/raval.es\/elx\/wp-json\/wp\/v2\/posts"}],"about":[{"href":"https:\/\/raval.es\/elx\/wp-json\/wp\/v2\/types\/post"}],"author":[{"embeddable":true,"href":"https:\/\/raval.es\/elx\/wp-json\/wp\/v2\/users\/3"}],"replies":[{"embeddable":true,"href":"https:\/\/raval.es\/elx\/wp-json\/wp\/v2\/comments?post=1284"}],"version-history":[{"count":1,"href":"https:\/\/raval.es\/elx\/wp-json\/wp\/v2\/posts\/1284\/revisions"}],"predecessor-version":[{"id":1285,"href":"https:\/\/raval.es\/elx\/wp-json\/wp\/v2\/posts\/1284\/revisions\/1285"}],"wp:featuredmedia":[{"embeddable":true,"href":"https:\/\/raval.es\/elx\/wp-json\/wp\/v2\/media\/1272"}],"wp:attachment":[{"href":"https:\/\/raval.es\/elx\/wp-json\/wp\/v2\/media?parent=1284"}],"wp:term":[{"taxonomy":"category","embeddable":true,"href":"https:\/\/raval.es\/elx\/wp-json\/wp\/v2\/categories?post=1284"},{"taxonomy":"post_tag","embeddable":true,"href":"https:\/\/raval.es\/elx\/wp-json\/wp\/v2\/tags?post=1284"}],"curies":[{"name":"wp","href":"https:\/\/api.w.org\/{rel}","templated":true}]}}