{"id":1292,"date":"2017-03-03T01:09:31","date_gmt":"2017-03-03T01:09:31","guid":{"rendered":"http:\/\/raval.es\/elx\/?p=1292"},"modified":"2017-03-05T01:13:56","modified_gmt":"2017-03-05T01:13:56","slug":"senderisme-ruta-lalcudia","status":"publish","type":"post","link":"https:\/\/raval.es\/elx\/senderisme-ruta-lalcudia\/","title":{"rendered":"Senderisme. Ruta L&#8217;Alc\u00fadia"},"content":{"rendered":"<div id=\"fb-root\"><\/div>\n<p>[et_pb_section admin_label=\u00bbsection\u00bb][et_pb_row admin_label=\u00bbrow\u00bb][et_pb_column type=\u00bb1_2&#8243;][et_pb_image admin_label=\u00bbImagen\u00bb src=\u00bbhttp:\/\/raval.es\/elx\/wp-content\/uploads\/2017\/03\/Marc\u0327FB2.jpg\u00bb show_in_lightbox=\u00bboff\u00bb url_new_window=\u00bboff\u00bb use_overlay=\u00bboff\u00bb animation=\u00bbleft\u00bb sticky=\u00bboff\u00bb align=\u00bbleft\u00bb force_fullwidth=\u00bboff\u00bb always_center_on_mobile=\u00bbon\u00bb use_border_color=\u00bboff\u00bb border_color=\u00bb#ffffff\u00bb border_style=\u00bbsolid\u00bb] [\/et_pb_image][et_pb_text admin_label=\u00bbTexto\u00bb background_layout=\u00bblight\u00bb text_orientation=\u00bbleft\u00bb use_border_color=\u00bboff\u00bb border_color=\u00bb#ffffff\u00bb border_style=\u00bbsolid\u00bb]<\/p>\n<p><em><strong>SENDERISME. RUTA A L&#8217;ALC\u00daDIA<\/strong><\/em><\/p>\n<p>Diumenge 26 de mar\u00e7. Eixida a les 9:30 de la Pl. Gall. Dist\u00e0ncia total 10km. 2,30 hores de duraci\u00f3. Arribada a Elx sobre les 13:30<\/p>\n<p>Farem una visita teatralitzada en la que diversos actors interpretaran seq\u00fc\u00e8ncies de la vida q\u00fcotidiana de l&#8217;epoca. Duraci\u00f3: 1,30h.<\/p>\n<p>La visita teatralitzada a L\u2019Alc\u00fadia es realitzar\u00e0 si arribem al m\u00ednim d\u2019inscripcions neces\u00e0ries. Per aix\u00f3, vos demanem als que estigueu interessats que les inscripcions es realitzen abans del 13 de mar\u00e7.<\/p>\n<p>Si no es puguera fer aquesta visita teatralitzada intentarem fer-la amb un guia<\/p>\n<p>[\/et_pb_text][\/et_pb_column][et_pb_column type=\u00bb1_2&#8243;][et_pb_code admin_label=\u00bbC\u00f3digo\u00bb]&lt;iframe src=\u00bbhttps:\/\/docs.google.com\/forms\/d\/e\/1FAIpQLSeZUpnUZSLc3xjKgoK3T57UpapJtEOZMj3QlYZYBHJoPcH6Ew\/viewform?c=0&amp;w=1&#8243; width=\u00bb760&#8243; height=\u00bb500&#8243; frameborder=\u00bb0&#8243; marginheight=\u00bb0&#8243; marginwidth=\u00bb0&#8243;&gt; Loading&#8230;&lt;\/iframe&gt;[\/et_pb_code][\/et_pb_column][\/et_pb_row][\/et_pb_section]<\/p>\n","protected":false},"excerpt":{"rendered":"<p>SENDERISME. RUTA A L&#8217;ALC\u00daDIA Diumenge 26 de mar\u00e7. Eixida a les 9:30 de la Pl. Gall. Dist\u00e0ncia total 10km. 2,30 hores de duraci\u00f3. Arribada a Elx sobre les 13:30 Farem una visita teatralitzada en la que diversos actors interpretaran seq\u00fc\u00e8ncies de la vida q\u00fcotidiana de l&#8217;epoca. Duraci\u00f3: 1,30h. La visita teatralitzada a L\u2019Alc\u00fadia es realitzar\u00e0 [&hellip;]<\/p>\n","protected":false},"author":3,"featured_media":1273,"comment_status":"open","ping_status":"open","sticky":false,"template":"","format":"standard","meta":{"_et_pb_use_builder":"on","_et_pb_old_content":"","_et_gb_content_width":"","_joinchat":[],"footnotes":""},"categories":[75,64,51,70],"tags":[],"class_list":["post-1292","post","type-post","status-publish","format-standard","has-post-thumbnail","hentry","category-75","category-actividades","category-noticias","category-senderisme"],"_links":{"self":[{"href":"https:\/\/raval.es\/elx\/wp-json\/wp\/v2\/posts\/1292","targetHints":{"allow":["GET"]}}],"collection":[{"href":"https:\/\/raval.es\/elx\/wp-json\/wp\/v2\/posts"}],"about":[{"href":"https:\/\/raval.es\/elx\/wp-json\/wp\/v2\/types\/post"}],"author":[{"embeddable":true,"href":"https:\/\/raval.es\/elx\/wp-json\/wp\/v2\/users\/3"}],"replies":[{"embeddable":true,"href":"https:\/\/raval.es\/elx\/wp-json\/wp\/v2\/comments?post=1292"}],"version-history":[{"count":1,"href":"https:\/\/raval.es\/elx\/wp-json\/wp\/v2\/posts\/1292\/revisions"}],"predecessor-version":[{"id":1293,"href":"https:\/\/raval.es\/elx\/wp-json\/wp\/v2\/posts\/1292\/revisions\/1293"}],"wp:featuredmedia":[{"embeddable":true,"href":"https:\/\/raval.es\/elx\/wp-json\/wp\/v2\/media\/1273"}],"wp:attachment":[{"href":"https:\/\/raval.es\/elx\/wp-json\/wp\/v2\/media?parent=1292"}],"wp:term":[{"taxonomy":"category","embeddable":true,"href":"https:\/\/raval.es\/elx\/wp-json\/wp\/v2\/categories?post=1292"},{"taxonomy":"post_tag","embeddable":true,"href":"https:\/\/raval.es\/elx\/wp-json\/wp\/v2\/tags?post=1292"}],"curies":[{"name":"wp","href":"https:\/\/api.w.org\/{rel}","templated":true}]}}