{"id":1298,"date":"2017-03-20T18:25:43","date_gmt":"2017-03-20T18:25:43","guid":{"rendered":"http:\/\/raval.es\/elx\/?p=1298"},"modified":"2017-04-18T17:13:13","modified_gmt":"2017-04-18T17:13:13","slug":"1298-2","status":"publish","type":"post","link":"https:\/\/raval.es\/elx\/1298-2\/","title":{"rendered":"Xerrada pressupostos participatius"},"content":{"rendered":"<div id=\"fb-root\"><\/div>\n<p>El Regidor de Participaci\u00f3, Felip S\u00e1nchez explic\u00e0 el funcionament dels pressupostos participatius als ve\u00efns del Raval. Segons els participants de la xerrada, l&#8217;any passat l&#8217;activitat tingu\u00e9 poca difusi\u00f3 entre la ciutadan\u00eda . Davant aix\u00f2, S\u00e0nchez destac\u00e0 la necessitat de que les associacions ve\u00efnals servixquen d&#8217;altaveu per a difondre aquesta iniciativa.<\/p>\n<p>A m\u00e9s es presentaren les noves modificacions dels pressupostos participatius. Durant l&#8217;exercici de 2017, es pret\u00e9n ampliar la partida pressupost\u00e0ria, per repartir entre totes les zones de la ciutat. Aix\u00ed tamb\u00e9 el barri dels Parmerars passen a formar part de la zona 7 (lloc on tamb\u00e9 pertany el Raval).<br \/>\nEl 12 d&#8217;abril finalitza la presentaci\u00f3 de propostes.<\/p>\n<p><img loading=\"lazy\" decoding=\"async\" class=\"size-medium wp-image-1299 aligncenter\" src=\"http:\/\/raval.es\/elx\/wp-content\/uploads\/2017\/03\/charla-presupuestos-300x225.jpg\" alt=\"\" width=\"300\" height=\"225\" srcset=\"https:\/\/raval.es\/elx\/wp-content\/uploads\/2017\/03\/charla-presupuestos-300x225.jpg 300w, https:\/\/raval.es\/elx\/wp-content\/uploads\/2017\/03\/charla-presupuestos-768x576.jpg 768w, https:\/\/raval.es\/elx\/wp-content\/uploads\/2017\/03\/charla-presupuestos-1024x768.jpg 1024w, https:\/\/raval.es\/elx\/wp-content\/uploads\/2017\/03\/charla-presupuestos-510x382.jpg 510w, https:\/\/raval.es\/elx\/wp-content\/uploads\/2017\/03\/charla-presupuestos-1080x810.jpg 1080w, https:\/\/raval.es\/elx\/wp-content\/uploads\/2017\/03\/charla-presupuestos.jpg 1600w\" sizes=\"auto, (max-width: 300px) 100vw, 300px\" \/><\/p>\n","protected":false},"excerpt":{"rendered":"<p>El Regidor de Participaci\u00f3, Felip S\u00e1nchez explic\u00e0 el funcionament dels pressupostos participatius als ve\u00efns del Raval. Segons els participants de la xerrada, l&#8217;any passat l&#8217;activitat tingu\u00e9 poca difusi\u00f3 entre la ciutadan\u00eda . Davant aix\u00f2, S\u00e0nchez destac\u00e0 la necessitat de que les associacions ve\u00efnals servixquen d&#8217;altaveu per a difondre aquesta iniciativa. A m\u00e9s es presentaren les [&hellip;]<\/p>\n","protected":false},"author":9,"featured_media":0,"comment_status":"open","ping_status":"open","sticky":false,"template":"","format":"standard","meta":{"_et_pb_use_builder":"","_et_pb_old_content":"","_et_gb_content_width":"","_joinchat":[],"footnotes":""},"categories":[1],"tags":[],"class_list":["post-1298","post","type-post","status-publish","format-standard","hentry","category-uncategorized"],"_links":{"self":[{"href":"https:\/\/raval.es\/elx\/wp-json\/wp\/v2\/posts\/1298","targetHints":{"allow":["GET"]}}],"collection":[{"href":"https:\/\/raval.es\/elx\/wp-json\/wp\/v2\/posts"}],"about":[{"href":"https:\/\/raval.es\/elx\/wp-json\/wp\/v2\/types\/post"}],"author":[{"embeddable":true,"href":"https:\/\/raval.es\/elx\/wp-json\/wp\/v2\/users\/9"}],"replies":[{"embeddable":true,"href":"https:\/\/raval.es\/elx\/wp-json\/wp\/v2\/comments?post=1298"}],"version-history":[{"count":3,"href":"https:\/\/raval.es\/elx\/wp-json\/wp\/v2\/posts\/1298\/revisions"}],"predecessor-version":[{"id":1307,"href":"https:\/\/raval.es\/elx\/wp-json\/wp\/v2\/posts\/1298\/revisions\/1307"}],"wp:attachment":[{"href":"https:\/\/raval.es\/elx\/wp-json\/wp\/v2\/media?parent=1298"}],"wp:term":[{"taxonomy":"category","embeddable":true,"href":"https:\/\/raval.es\/elx\/wp-json\/wp\/v2\/categories?post=1298"},{"taxonomy":"post_tag","embeddable":true,"href":"https:\/\/raval.es\/elx\/wp-json\/wp\/v2\/tags?post=1298"}],"curies":[{"name":"wp","href":"https:\/\/api.w.org\/{rel}","templated":true}]}}