{"id":1303,"date":"2017-04-18T19:09:03","date_gmt":"2017-04-18T19:09:03","guid":{"rendered":"http:\/\/raval.es\/elx\/?p=1303"},"modified":"2017-04-18T19:18:37","modified_gmt":"2017-04-18T19:18:37","slug":"la-voz-del-viento-semillas-de-transicion","status":"publish","type":"post","link":"https:\/\/raval.es\/elx\/la-voz-del-viento-semillas-de-transicion\/","title":{"rendered":"La voz del viento. Semillas de transici\u00f3n"},"content":{"rendered":"<div id=\"fb-root\"><\/div>\n<p>Aquest \u00e9s un documental molt interessant sobre un viatge d&#8217;intercanvis de coneixement i llavors pels pobles de la Mediterr\u00e0nea. En el seg\u00fcent enlla\u00e7 el podeu veure. \u00a0<a href=\"https:\/\/www.youtube.com\/watch?v=3ZOOmjoMQZM\">La voz del viento. Semillas de Transici\u00f3n.<\/a><\/p>\n<p><img loading=\"lazy\" decoding=\"async\" class=\"size-medium wp-image-1314 aligncenter\" src=\"http:\/\/raval.es\/elx\/wp-content\/uploads\/2017\/04\/LAVOZDELVIENTO-Poster_v3.5_W_small-212x300.jpg\" alt=\"\" width=\"212\" height=\"300\" srcset=\"https:\/\/raval.es\/elx\/wp-content\/uploads\/2017\/04\/LAVOZDELVIENTO-Poster_v3.5_W_small-212x300.jpg 212w, https:\/\/raval.es\/elx\/wp-content\/uploads\/2017\/04\/LAVOZDELVIENTO-Poster_v3.5_W_small-768x1086.jpg 768w, https:\/\/raval.es\/elx\/wp-content\/uploads\/2017\/04\/LAVOZDELVIENTO-Poster_v3.5_W_small-724x1024.jpg 724w, https:\/\/raval.es\/elx\/wp-content\/uploads\/2017\/04\/LAVOZDELVIENTO-Poster_v3.5_W_small-1080x1527.jpg 1080w, https:\/\/raval.es\/elx\/wp-content\/uploads\/2017\/04\/LAVOZDELVIENTO-Poster_v3.5_W_small.jpg 1132w\" sizes=\"auto, (max-width: 212px) 100vw, 212px\" \/><\/p>\n<p>&nbsp;<\/p>\n","protected":false},"excerpt":{"rendered":"<p>Aquest \u00e9s un documental molt interessant sobre un viatge d&#8217;intercanvis de coneixement i llavors pels pobles de la Mediterr\u00e0nea. En el seg\u00fcent enlla\u00e7 el podeu veure. \u00a0La voz del viento. Semillas de Transici\u00f3n. &nbsp;<\/p>\n","protected":false},"author":5,"featured_media":1312,"comment_status":"open","ping_status":"open","sticky":false,"template":"","format":"standard","meta":{"_et_pb_use_builder":"","_et_pb_old_content":"","_et_gb_content_width":"","_joinchat":[],"footnotes":""},"categories":[54],"tags":[],"class_list":["post-1303","post","type-post","status-publish","format-standard","has-post-thumbnail","hentry","category-hort-urba"],"_links":{"self":[{"href":"https:\/\/raval.es\/elx\/wp-json\/wp\/v2\/posts\/1303","targetHints":{"allow":["GET"]}}],"collection":[{"href":"https:\/\/raval.es\/elx\/wp-json\/wp\/v2\/posts"}],"about":[{"href":"https:\/\/raval.es\/elx\/wp-json\/wp\/v2\/types\/post"}],"author":[{"embeddable":true,"href":"https:\/\/raval.es\/elx\/wp-json\/wp\/v2\/users\/5"}],"replies":[{"embeddable":true,"href":"https:\/\/raval.es\/elx\/wp-json\/wp\/v2\/comments?post=1303"}],"version-history":[{"count":5,"href":"https:\/\/raval.es\/elx\/wp-json\/wp\/v2\/posts\/1303\/revisions"}],"predecessor-version":[{"id":1315,"href":"https:\/\/raval.es\/elx\/wp-json\/wp\/v2\/posts\/1303\/revisions\/1315"}],"wp:featuredmedia":[{"embeddable":true,"href":"https:\/\/raval.es\/elx\/wp-json\/wp\/v2\/media\/1312"}],"wp:attachment":[{"href":"https:\/\/raval.es\/elx\/wp-json\/wp\/v2\/media?parent=1303"}],"wp:term":[{"taxonomy":"category","embeddable":true,"href":"https:\/\/raval.es\/elx\/wp-json\/wp\/v2\/categories?post=1303"},{"taxonomy":"post_tag","embeddable":true,"href":"https:\/\/raval.es\/elx\/wp-json\/wp\/v2\/tags?post=1303"}],"curies":[{"name":"wp","href":"https:\/\/api.w.org\/{rel}","templated":true}]}}