{"id":1519,"date":"2017-07-26T12:23:33","date_gmt":"2017-07-26T12:23:33","guid":{"rendered":"http:\/\/raval.es\/elx\/?p=1519"},"modified":"2017-10-15T14:21:53","modified_gmt":"2017-10-15T14:21:53","slug":"cinema-en-valencia-jurassic-park","status":"publish","type":"post","link":"https:\/\/raval.es\/elx\/cinema-en-valencia-jurassic-park\/","title":{"rendered":"Cinema en Valenci\u00e0: JURASSIC WORLD"},"content":{"rendered":"<div id=\"fb-root\"><\/div>\n<p><img loading=\"lazy\" decoding=\"async\" class=\" wp-image-1522 aligncenter\" src=\"http:\/\/raval.es\/elx\/wp-content\/uploads\/2017\/07\/jurassic-valencia-300x150.jpg\" alt=\"\" width=\"421\" height=\"214\" \/>Aquest dissabte a les 22:00h tenim una nova projecci\u00f3 del II CICLE DE CINEMA A LA FRESCA EN VALENCI\u00c0 a la Pla\u00e7a Major del Raval.<\/p>\n<p>No arribes tard!<\/p>\n<p>Organitzat pel Tempir amb la col\u00b7laboraci\u00f3 de la UMH, Ajuntament d&#8217;Elx i l&#8217;Associaci\u00f3 de Ve\u00efns Raval Nou<\/p>\n<p><img loading=\"lazy\" decoding=\"async\" class=\"alignnone size-medium wp-image-1520\" src=\"http:\/\/raval.es\/elx\/wp-content\/uploads\/2017\/07\/patrociniscinema-300x40.jpg\" alt=\"\" width=\"300\" height=\"40\" srcset=\"https:\/\/raval.es\/elx\/wp-content\/uploads\/2017\/07\/patrociniscinema-300x40.jpg 300w, https:\/\/raval.es\/elx\/wp-content\/uploads\/2017\/07\/patrociniscinema.jpg 453w\" sizes=\"auto, (max-width: 300px) 100vw, 300px\" \/><\/p>\n","protected":false},"excerpt":{"rendered":"<p>Aquest dissabte a les 22:00h tenim una nova projecci\u00f3 del II CICLE DE CINEMA A LA FRESCA EN VALENCI\u00c0 a la Pla\u00e7a Major del Raval. No arribes tard! Organitzat pel Tempir amb la col\u00b7laboraci\u00f3 de la UMH, Ajuntament d&#8217;Elx i l&#8217;Associaci\u00f3 de Ve\u00efns Raval Nou<\/p>\n","protected":false},"author":1,"featured_media":1528,"comment_status":"open","ping_status":"open","sticky":false,"template":"","format":"standard","meta":{"_et_pb_use_builder":"","_et_pb_old_content":"","_et_gb_content_width":"","_joinchat":[],"footnotes":""},"categories":[75,64],"tags":[],"class_list":["post-1519","post","type-post","status-publish","format-standard","has-post-thumbnail","hentry","category-75","category-actividades"],"_links":{"self":[{"href":"https:\/\/raval.es\/elx\/wp-json\/wp\/v2\/posts\/1519","targetHints":{"allow":["GET"]}}],"collection":[{"href":"https:\/\/raval.es\/elx\/wp-json\/wp\/v2\/posts"}],"about":[{"href":"https:\/\/raval.es\/elx\/wp-json\/wp\/v2\/types\/post"}],"author":[{"embeddable":true,"href":"https:\/\/raval.es\/elx\/wp-json\/wp\/v2\/users\/1"}],"replies":[{"embeddable":true,"href":"https:\/\/raval.es\/elx\/wp-json\/wp\/v2\/comments?post=1519"}],"version-history":[{"count":3,"href":"https:\/\/raval.es\/elx\/wp-json\/wp\/v2\/posts\/1519\/revisions"}],"predecessor-version":[{"id":1530,"href":"https:\/\/raval.es\/elx\/wp-json\/wp\/v2\/posts\/1519\/revisions\/1530"}],"wp:featuredmedia":[{"embeddable":true,"href":"https:\/\/raval.es\/elx\/wp-json\/wp\/v2\/media\/1528"}],"wp:attachment":[{"href":"https:\/\/raval.es\/elx\/wp-json\/wp\/v2\/media?parent=1519"}],"wp:term":[{"taxonomy":"category","embeddable":true,"href":"https:\/\/raval.es\/elx\/wp-json\/wp\/v2\/categories?post=1519"},{"taxonomy":"post_tag","embeddable":true,"href":"https:\/\/raval.es\/elx\/wp-json\/wp\/v2\/tags?post=1519"}],"curies":[{"name":"wp","href":"https:\/\/api.w.org\/{rel}","templated":true}]}}