{"id":1585,"date":"2017-09-24T16:04:43","date_gmt":"2017-09-24T16:04:43","guid":{"rendered":"http:\/\/raval.es\/elx\/?p=1585"},"modified":"2024-01-29T20:36:59","modified_gmt":"2024-01-29T20:36:59","slug":"lasmoreras","status":"publish","type":"post","link":"https:\/\/raval.es\/elx\/lasmoreras\/","title":{"rendered":"Escuela Agr\u00edcola Urbana Huerto Las Moreras"},"content":{"rendered":"<div id=\"fb-root\"><\/div>\n<p><a href=\"https:\/\/huertalasmoreras.wordpress.com\/\"><img loading=\"lazy\" decoding=\"async\" class=\"alignleft\" src=\"https:\/\/huertalasmoreras.files.wordpress.com\/2010\/09\/pic_26031.jpg\" alt=\"\" width=\"411\" height=\"312\" \/><\/a>\u00a0El <strong>PGOU DE 1963<\/strong> planteaba en la zona norte de Sevilla la construcci\u00f3n de un parque sobre una extensi\u00f3n de 92 hect\u00e1reas. En un distrito marcado por la r\u00e1pida construcci\u00f3n de viviendas y la ausencia de zonas verdes, la posible construcci\u00f3n de un parque de estas dimensiones se presentaba como un salto gigantesco en la mejora de la calidad de vida de la ciudadan\u00eda. A inicio de los 80 el proyecto de esta zona verde a\u00fan no se hab\u00eda iniciado, existiendo adem\u00e1s un serio peligro de recalificaci\u00f3n del suelo par su conversi\u00f3n en suelo residencial. En este contexto el Comit\u00e9 Pro Parque Educativo Miraflores se\u00a0 marca como primer objetivo la inmediata construcci\u00f3n del Parque. Junto a esto, los planteamientos b\u00e1sicos de la asociaci\u00f3n eran:<br \/>\n\u2013 que el proyecto del Parque Miraflores deb\u00eda tener, adem\u00e1s de zonas verdes, para el ocio, <strong>un car\u00e1cter cultural y educativo.<br \/>\n\u2013<\/strong> que el Parque que se construyera deb\u00eda estar entroncado con el medio social en el que se ubica, siendo respetuoso con <strong>la historia y las necesidades de la poblaci\u00f3n <\/strong>a quien va destinado.<\/p>\n<p><a href=\"https:\/\/huertalasmoreras.wordpress.com\/\"><strong>Mas informaci\u00f3n: Escuela Agr\u00edcola Urbana Huerto Las Moreras<\/strong> <\/a><\/p>\n","protected":false},"excerpt":{"rendered":"<p>El Programa Huerta Las Moreras llevado a cabo por la ASOCIACI\u00d3N COMIT\u00c9 PRO-PARQUE EDUCATIVO MIRAFLORES, es el proyecto pionero de Huertos Urbanos en sevilla y unos de los primeros a nivel europeo, es fruto de un gran proceso de lucha vecinal.<\/p>\n","protected":false},"author":1,"featured_media":1591,"comment_status":"closed","ping_status":"open","sticky":false,"template":"","format":"standard","meta":{"_et_pb_use_builder":"","_et_pb_old_content":"","_et_gb_content_width":"","_joinchat":[],"footnotes":""},"categories":[82,54,53],"tags":[85,87,83,89,86,84,88],"class_list":["post-1585","post","type-post","status-publish","format-standard","has-post-thumbnail","hentry","category-hemeroteca","category-hort-urba","category-projectes","tag-agricultura","tag-elx","tag-huerto-urbano","tag-miraflores","tag-raval","tag-rural","tag-sevilla"],"_links":{"self":[{"href":"https:\/\/raval.es\/elx\/wp-json\/wp\/v2\/posts\/1585","targetHints":{"allow":["GET"]}}],"collection":[{"href":"https:\/\/raval.es\/elx\/wp-json\/wp\/v2\/posts"}],"about":[{"href":"https:\/\/raval.es\/elx\/wp-json\/wp\/v2\/types\/post"}],"author":[{"embeddable":true,"href":"https:\/\/raval.es\/elx\/wp-json\/wp\/v2\/users\/1"}],"replies":[{"embeddable":true,"href":"https:\/\/raval.es\/elx\/wp-json\/wp\/v2\/comments?post=1585"}],"version-history":[{"count":5,"href":"https:\/\/raval.es\/elx\/wp-json\/wp\/v2\/posts\/1585\/revisions"}],"predecessor-version":[{"id":1594,"href":"https:\/\/raval.es\/elx\/wp-json\/wp\/v2\/posts\/1585\/revisions\/1594"}],"wp:featuredmedia":[{"embeddable":true,"href":"https:\/\/raval.es\/elx\/wp-json\/wp\/v2\/media\/1591"}],"wp:attachment":[{"href":"https:\/\/raval.es\/elx\/wp-json\/wp\/v2\/media?parent=1585"}],"wp:term":[{"taxonomy":"category","embeddable":true,"href":"https:\/\/raval.es\/elx\/wp-json\/wp\/v2\/categories?post=1585"},{"taxonomy":"post_tag","embeddable":true,"href":"https:\/\/raval.es\/elx\/wp-json\/wp\/v2\/tags?post=1585"}],"curies":[{"name":"wp","href":"https:\/\/api.w.org\/{rel}","templated":true}]}}