{"id":1617,"date":"2017-10-04T12:49:21","date_gmt":"2017-10-04T12:49:21","guid":{"rendered":"http:\/\/raval.es\/elx\/?p=1617"},"modified":"2017-11-01T12:07:24","modified_gmt":"2017-11-01T12:07:24","slug":"bandejats-jueves-5-1730h","status":"publish","type":"post","link":"https:\/\/raval.es\/elx\/bandejats-jueves-5-1730h\/","title":{"rendered":"BANDEJATS, Jueves, 5, 17:30h."},"content":{"rendered":"<div id=\"fb-root\"><\/div>\n<p><strong><img loading=\"lazy\" decoding=\"async\" class=\"size-medium wp-image-1618 alignleft\" src=\"http:\/\/raval.es\/elx\/wp-content\/uploads\/2017\/10\/IMG-20171003-WA0010-300x300.jpg\" alt=\"\" width=\"300\" height=\"300\" srcset=\"https:\/\/raval.es\/elx\/wp-content\/uploads\/2017\/10\/IMG-20171003-WA0010-300x300.jpg 300w, https:\/\/raval.es\/elx\/wp-content\/uploads\/2017\/10\/IMG-20171003-WA0010-150x150.jpg 150w, https:\/\/raval.es\/elx\/wp-content\/uploads\/2017\/10\/IMG-20171003-WA0010-768x768.jpg 768w, https:\/\/raval.es\/elx\/wp-content\/uploads\/2017\/10\/IMG-20171003-WA0010.jpg 800w\" sizes=\"auto, (max-width: 300px) 100vw, 300px\" \/>Fundaci\u00f3n Elche Acoge y la compa\u00f1\u00eda de danza Titoyaya<\/strong> presentan <strong>\u00bb \u200bBandejats\u200b \u00ab<\/strong> . Este espect\u00e1culo versa sobre la \u200b *experiencia migratoria\u200b* que viven las personas que se ven <strong><em>obligadas a \u200babandonar su hogar\u200b<\/em> <\/strong>.<\/p>\n<p>La muestra est\u00e1 dirigida por Viviana Escal\u00e9, core\u00f3grafa y directora con gran experiencia, y por Gustavo Ram\u00edrez, uno de los creadores espa\u00f1oles con m\u00e1s proyecci\u00f3n a nivel internacional.<\/p>\n<p>La representaci\u00f3n ser\u00e1 realizada por bailarines y bailarinas profesionales y por ciudadanos y ciudadanas que han vivido directamente o de forma muy cercana un proceso migratorio.<\/p>\n<p>La muestra durar\u00e1 una hora y dar\u00e1 comienzo a las \u200b <strong>17:30 h\u200b<\/strong> en la \u200b<strong>Sala Esperanza Pertusa<\/strong>, situada en el Rinc\u00f3n de la Culturas de Fundaci\u00f3n Elche Acoge.\u200b<\/p>\n","protected":false},"excerpt":{"rendered":"<p>Fundaci\u00f3n Elche Acoge y la compa\u00f1\u00eda de danza Titoyaya presentan \u00bb \u200bBandejats\u200b \u00ab . Este espect\u00e1culo versa sobre la \u200b *experiencia migratoria\u200b* que viven las personas que se ven obligadas a \u200babandonar su hogar\u200b . La muestra est\u00e1 dirigida por Viviana Escal\u00e9, core\u00f3grafa y directora con gran experiencia, y por Gustavo Ram\u00edrez, uno de los [&hellip;]<\/p>\n","protected":false},"author":1,"featured_media":1619,"comment_status":"open","ping_status":"open","sticky":false,"template":"","format":"standard","meta":{"_et_pb_use_builder":"","_et_pb_old_content":"","_et_gb_content_width":"","_joinchat":[],"footnotes":""},"categories":[90],"tags":[],"class_list":["post-1617","post","type-post","status-publish","format-standard","has-post-thumbnail","hentry","category-arxiu"],"_links":{"self":[{"href":"https:\/\/raval.es\/elx\/wp-json\/wp\/v2\/posts\/1617","targetHints":{"allow":["GET"]}}],"collection":[{"href":"https:\/\/raval.es\/elx\/wp-json\/wp\/v2\/posts"}],"about":[{"href":"https:\/\/raval.es\/elx\/wp-json\/wp\/v2\/types\/post"}],"author":[{"embeddable":true,"href":"https:\/\/raval.es\/elx\/wp-json\/wp\/v2\/users\/1"}],"replies":[{"embeddable":true,"href":"https:\/\/raval.es\/elx\/wp-json\/wp\/v2\/comments?post=1617"}],"version-history":[{"count":1,"href":"https:\/\/raval.es\/elx\/wp-json\/wp\/v2\/posts\/1617\/revisions"}],"predecessor-version":[{"id":1620,"href":"https:\/\/raval.es\/elx\/wp-json\/wp\/v2\/posts\/1617\/revisions\/1620"}],"wp:featuredmedia":[{"embeddable":true,"href":"https:\/\/raval.es\/elx\/wp-json\/wp\/v2\/media\/1619"}],"wp:attachment":[{"href":"https:\/\/raval.es\/elx\/wp-json\/wp\/v2\/media?parent=1617"}],"wp:term":[{"taxonomy":"category","embeddable":true,"href":"https:\/\/raval.es\/elx\/wp-json\/wp\/v2\/categories?post=1617"},{"taxonomy":"post_tag","embeddable":true,"href":"https:\/\/raval.es\/elx\/wp-json\/wp\/v2\/tags?post=1617"}],"curies":[{"name":"wp","href":"https:\/\/api.w.org\/{rel}","templated":true}]}}