{"id":1655,"date":"2017-10-29T20:06:01","date_gmt":"2017-10-29T20:06:01","guid":{"rendered":"http:\/\/raval.es\/elx\/?p=1655"},"modified":"2022-01-16T13:21:08","modified_gmt":"2022-01-16T13:21:08","slug":"curso-de-huertos-urbanos","status":"publish","type":"post","link":"https:\/\/raval.es\/elx\/curso-de-huertos-urbanos\/","title":{"rendered":"Curso de HUERTOS URBANOS"},"content":{"rendered":"<div id=\"fb-root\"><\/div>\n<p>[et_pb_section admin_label=\u00bbSecci\u00f3n\u00bb fullwidth=\u00bboff\u00bb specialty=\u00bbon\u00bb][et_pb_column type=\u00bb1_2&#8243;][et_pb_image admin_label=\u00bbImagen\u00bb src=\u00bbhttp:\/\/raval.es\/elx\/wp-content\/uploads\/2017\/10\/kit_huerto_urbano.jpg\u00bb show_in_lightbox=\u00bboff\u00bb url_new_window=\u00bboff\u00bb use_overlay=\u00bboff\u00bb animation=\u00bbleft\u00bb sticky=\u00bbon\u00bb align=\u00bbleft\u00bb force_fullwidth=\u00bboff\u00bb always_center_on_mobile=\u00bbon\u00bb use_border_color=\u00bboff\u00bb border_color=\u00bb#ffffff\u00bb border_style=\u00bbsolid\u00bb] [\/et_pb_image][et_pb_image admin_label=\u00bbImagen\u00bb src=\u00bbhttp:\/\/raval.es\/elx\/wp-content\/uploads\/2017\/10\/tallerhorturba.jpg\u00bb show_in_lightbox=\u00bboff\u00bb url_new_window=\u00bboff\u00bb use_overlay=\u00bboff\u00bb animation=\u00bbleft\u00bb sticky=\u00bboff\u00bb align=\u00bbleft\u00bb force_fullwidth=\u00bboff\u00bb always_center_on_mobile=\u00bbon\u00bb use_border_color=\u00bboff\u00bb border_color=\u00bb#ffffff\u00bb border_style=\u00bbsolid\u00bb \/][\/et_pb_column][et_pb_column type=\u00bb1_2&#8243; specialty_columns=\u00bb2&#8243;][et_pb_row_inner admin_label=\u00bbFila\u00bb][et_pb_column_inner type=\u00bb4_4&#8243; saved_specialty_column_type=\u00bb1_2&#8243;][et_pb_text admin_label=\u00bbTexto\u00bb background_layout=\u00bblight\u00bb text_orientation=\u00bbleft\u00bb use_border_color=\u00bboff\u00bb border_color=\u00bb#ffffff\u00bb border_style=\u00bbsolid\u00bb]<\/p>\n<h5><strong><img loading=\"lazy\" decoding=\"async\" class=\" wp-image-1652 alignleft\" src=\"http:\/\/raval.es\/elx\/wp-content\/uploads\/2017\/10\/kit_huerto_urbano-300x202.jpg\" alt=\"\" width=\"137\" height=\"92\" srcset=\"https:\/\/raval.es\/elx\/wp-content\/uploads\/2017\/10\/kit_huerto_urbano-300x202.jpg 300w, https:\/\/raval.es\/elx\/wp-content\/uploads\/2017\/10\/kit_huerto_urbano-768x517.jpg 768w, https:\/\/raval.es\/elx\/wp-content\/uploads\/2017\/10\/kit_huerto_urbano.jpg 800w\" sizes=\"auto, (max-width: 137px) 100vw, 137px\" \/>Del 20 de Octubre al 26 de Enero<\/strong><br \/>\nViernes, de 16:00 a 17:30h<\/h5>\n<h5>Coordina <em><strong>Maril\u00f3 Ant\u00f3n<\/strong><\/em><\/h5>\n<p>Experta en Huertos ecol\u00f3gicos urbanos<\/p>\n<p>[\/et_pb_text][\/et_pb_column_inner][\/et_pb_row_inner][et_pb_row_inner admin_label=\u00bbFila\u00bb][et_pb_column_inner type=\u00bb1_2&#8243; saved_specialty_column_type=\u00bb1_2&#8243;][et_pb_text admin_label=\u00bbTexto\u00bb background_layout=\u00bblight\u00bb text_orientation=\u00bbleft\u00bb use_border_color=\u00bboff\u00bb border_color=\u00bb#ffffff\u00bb border_style=\u00bbsolid\u00bb]<\/p>\n<p>Las <strong>sesiones te\u00f3ricas<\/strong> se realizar\u00e1n en el Centro Social del Raval (Pla\u00e7a Major del Raval)<\/p>\n<p>Las<strong> sesiones pr\u00e1cticas<\/strong> ser\u00e1n en el Huerto urbano de la Cuerna (Altabix)<\/p>\n<p>[\/et_pb_text][\/et_pb_column_inner][et_pb_column_inner type=\u00bb1_2&#8243; saved_specialty_column_type=\u00bb1_2&#8243;][et_pb_text admin_label=\u00bbTexto\u00bb background_layout=\u00bblight\u00bb text_orientation=\u00bbleft\u00bb use_border_color=\u00bboff\u00bb border_color=\u00bb#ffffff\u00bb border_style=\u00bbsolid\u00bb]<\/p>\n<p>Inscripciones en:<br \/>\n<a href=\"http:\/\/raval.es\/agroeco\">raval.es\/agroeco<\/a> o <a href=\"mailto:info@raval.es\">info@raval.es<\/a><\/p>\n<p>El coste del curso es de 20\u20ac correspondiente a los materiales de pr\u00e1cticas y se abonar\u00e1 el d\u00eda de inicio del curso<\/p>\n<p>[\/et_pb_text][\/et_pb_column_inner][\/et_pb_row_inner][\/et_pb_column][\/et_pb_section]<\/p>\n","protected":false},"excerpt":{"rendered":"<p>Del 20 de Octubre al 26 de Enero Viernes, de 16:00 a 17:30h Coordina Maril\u00f3 Ant\u00f3n Experta en Huertos ecol\u00f3gicos urbanos Las sesiones te\u00f3ricas se realizar\u00e1n en el Centro Social del Raval (Pla\u00e7a Major del Raval) Las sesiones pr\u00e1cticas ser\u00e1n en el Huerto urbano de la Cuerna (Altabix) Inscripciones en: raval.es\/agroeco o info@raval.es El coste [&hellip;]<\/p>\n","protected":false},"author":1,"featured_media":1666,"comment_status":"open","ping_status":"open","sticky":false,"template":"","format":"standard","meta":{"_et_pb_use_builder":"on","_et_pb_old_content":"","_et_gb_content_width":"","_joinchat":[],"footnotes":""},"categories":[75,64,54,53],"tags":[],"class_list":["post-1655","post","type-post","status-publish","format-standard","has-post-thumbnail","hentry","category-75","category-actividades","category-hort-urba","category-projectes"],"_links":{"self":[{"href":"https:\/\/raval.es\/elx\/wp-json\/wp\/v2\/posts\/1655","targetHints":{"allow":["GET"]}}],"collection":[{"href":"https:\/\/raval.es\/elx\/wp-json\/wp\/v2\/posts"}],"about":[{"href":"https:\/\/raval.es\/elx\/wp-json\/wp\/v2\/types\/post"}],"author":[{"embeddable":true,"href":"https:\/\/raval.es\/elx\/wp-json\/wp\/v2\/users\/1"}],"replies":[{"embeddable":true,"href":"https:\/\/raval.es\/elx\/wp-json\/wp\/v2\/comments?post=1655"}],"version-history":[{"count":5,"href":"https:\/\/raval.es\/elx\/wp-json\/wp\/v2\/posts\/1655\/revisions"}],"predecessor-version":[{"id":1741,"href":"https:\/\/raval.es\/elx\/wp-json\/wp\/v2\/posts\/1655\/revisions\/1741"}],"wp:featuredmedia":[{"embeddable":true,"href":"https:\/\/raval.es\/elx\/wp-json\/wp\/v2\/media\/1666"}],"wp:attachment":[{"href":"https:\/\/raval.es\/elx\/wp-json\/wp\/v2\/media?parent=1655"}],"wp:term":[{"taxonomy":"category","embeddable":true,"href":"https:\/\/raval.es\/elx\/wp-json\/wp\/v2\/categories?post=1655"},{"taxonomy":"post_tag","embeddable":true,"href":"https:\/\/raval.es\/elx\/wp-json\/wp\/v2\/tags?post=1655"}],"curies":[{"name":"wp","href":"https:\/\/api.w.org\/{rel}","templated":true}]}}