{"id":1682,"date":"2017-11-12T14:08:26","date_gmt":"2017-11-12T14:08:26","guid":{"rendered":"http:\/\/raval.es\/elx\/?p=1682"},"modified":"2018-04-23T22:12:45","modified_gmt":"2018-04-23T22:12:45","slug":"ruta-del-clot-de-galvany-diumenge-29","status":"publish","type":"post","link":"https:\/\/raval.es\/elx\/ruta-del-clot-de-galvany-diumenge-29\/","title":{"rendered":"RUTA del CLOT DE GALVANY &#8211; Diumenge 26"},"content":{"rendered":"<div id=\"fb-root\"><\/div>\n<p><img loading=\"lazy\" decoding=\"async\" class=\"size-medium wp-image-1684 alignleft\" src=\"http:\/\/raval.es\/elx\/wp-content\/uploads\/2017\/10\/IMG-20171002-WA0005-169x300.jpg\" alt=\"\" width=\"169\" height=\"300\" srcset=\"https:\/\/raval.es\/elx\/wp-content\/uploads\/2017\/10\/IMG-20171002-WA0005-169x300.jpg 169w, https:\/\/raval.es\/elx\/wp-content\/uploads\/2017\/10\/IMG-20171002-WA0005-768x1366.jpg 768w, https:\/\/raval.es\/elx\/wp-content\/uploads\/2017\/10\/IMG-20171002-WA0005-576x1024.jpg 576w, https:\/\/raval.es\/elx\/wp-content\/uploads\/2017\/10\/IMG-20171002-WA0005.jpg 899w\" sizes=\"auto, (max-width: 169px) 100vw, 169px\" \/>Sortida: 9:30h.<br \/>\ndes del p\u00e0rquing del Clot de Galvany<\/p>\n<p>Durada: de 2,30 a 3 hores (recorregut circular de 17kms)<\/p>\n<p>Recordeu portar:<\/p>\n<ul>\n<li>Roba c\u00f2moda<\/li>\n<li>Cal\u00e7at adeq\u00fcat<\/li>\n<li>Aigua<\/li>\n<li>Esmorzar<\/li>\n<\/ul>\n<p>&#8230;i llegueix aquests <strong><a href=\"http:\/\/raval.es\/elx\/senderistes\/\">CONSELLS PER SENDERISTES<\/a><\/strong><\/p>\n<p><strong>Inscripci\u00f3 gratu\u00efta en: <\/strong><a href=\"http:\/\/raval.es\/nov17\"><strong>raval.es\/nov17<br \/>\n<\/strong><\/a><strong>M\u00e9s informaci\u00f3 en <a href=\"mailto:info@raval.es\">info@raval.es<\/a>, la p\u00e0gina de <a href=\"http:\/\/raval.es\/elx\/contacto\/\">contacte<\/a> i\/o el telf. <span id=\"et-info-phone\">633 971 670 (+whatsapp)<\/span><\/strong><\/p>\n<p><span style=\"color: #ff0000;\"><strong><em>IMPORTANT: \u00c9s obligatori ser <a href=\"http:\/\/raval.es\/elx\/asociate\/\">membre de l&#8217;A.VV.Raval<\/a> per poder acollir-se a l&#8217;asseguran\u00e7a de l&#8217;Associaci\u00f3 i estar protegits davant qualsevol circunst\u00e0ncia.<br \/>\n<\/em><\/strong><\/span><span style=\"color: #ff0000;\"><strong><em>Tots\/es els inscrits s\u00f3n afegits a un whatsapp del Grup de Senderisme per estar puntualmente informats de qualsevol canvi en la ruta, hora, lloc de trobada o apla\u00e7ament. No demoreu.<\/em><\/strong><\/span><\/p>\n","protected":false},"excerpt":{"rendered":"<p>Sortida: 9:30h. des del p\u00e0rquing del Clot de Galvany Durada: de 2,30 a 3 hores (recorregut circular de 17kms) Recordeu portar: Roba c\u00f2moda Cal\u00e7at adeq\u00fcat Aigua Esmorzar &#8230;i llegueix aquests CONSELLS PER SENDERISTES Inscripci\u00f3 gratu\u00efta en: raval.es\/nov17 M\u00e9s informaci\u00f3 en info@raval.es, la p\u00e0gina de contacte i\/o el telf. 633 971 670 (+whatsapp) IMPORTANT: \u00c9s obligatori [&hellip;]<\/p>\n","protected":false},"author":1,"featured_media":1688,"comment_status":"open","ping_status":"open","sticky":false,"template":"","format":"standard","meta":{"_et_pb_use_builder":"","_et_pb_old_content":"","_et_gb_content_width":"","_joinchat":[],"footnotes":""},"categories":[75,64,70],"tags":[],"class_list":["post-1682","post","type-post","status-publish","format-standard","has-post-thumbnail","hentry","category-75","category-actividades","category-senderisme"],"_links":{"self":[{"href":"https:\/\/raval.es\/elx\/wp-json\/wp\/v2\/posts\/1682","targetHints":{"allow":["GET"]}}],"collection":[{"href":"https:\/\/raval.es\/elx\/wp-json\/wp\/v2\/posts"}],"about":[{"href":"https:\/\/raval.es\/elx\/wp-json\/wp\/v2\/types\/post"}],"author":[{"embeddable":true,"href":"https:\/\/raval.es\/elx\/wp-json\/wp\/v2\/users\/1"}],"replies":[{"embeddable":true,"href":"https:\/\/raval.es\/elx\/wp-json\/wp\/v2\/comments?post=1682"}],"version-history":[{"count":7,"href":"https:\/\/raval.es\/elx\/wp-json\/wp\/v2\/posts\/1682\/revisions"}],"predecessor-version":[{"id":1777,"href":"https:\/\/raval.es\/elx\/wp-json\/wp\/v2\/posts\/1682\/revisions\/1777"}],"wp:featuredmedia":[{"embeddable":true,"href":"https:\/\/raval.es\/elx\/wp-json\/wp\/v2\/media\/1688"}],"wp:attachment":[{"href":"https:\/\/raval.es\/elx\/wp-json\/wp\/v2\/media?parent=1682"}],"wp:term":[{"taxonomy":"category","embeddable":true,"href":"https:\/\/raval.es\/elx\/wp-json\/wp\/v2\/categories?post=1682"},{"taxonomy":"post_tag","embeddable":true,"href":"https:\/\/raval.es\/elx\/wp-json\/wp\/v2\/tags?post=1682"}],"curies":[{"name":"wp","href":"https:\/\/api.w.org\/{rel}","templated":true}]}}