{"id":1704,"date":"2017-11-01T12:22:03","date_gmt":"2017-11-01T12:22:03","guid":{"rendered":"http:\/\/raval.es\/elx\/?p=1704"},"modified":"2017-11-01T12:30:04","modified_gmt":"2017-11-01T12:30:04","slug":"v-jornada-de-repoblacion-en-el-clot-de-galvany","status":"publish","type":"post","link":"https:\/\/raval.es\/elx\/v-jornada-de-repoblacion-en-el-clot-de-galvany\/","title":{"rendered":"V Jornada de repoblaci\u00f3n en el Clot de Galvany"},"content":{"rendered":"<div id=\"fb-root\"><\/div>\n<p>Ya est\u00e1 disponible la inscripci\u00f3n a la V Jornada de Repoblaci\u00f3n en el Clot de Galvany, puedes inscribirte desde este enlace<br \/>\n<a href=\"https:\/\/goo.gl\/FEo511\">https:\/\/goo.gl\/FEo511<\/a><\/p>\n<p>Domingo, 19 de Noviembre de 2017 desde 10.00h<br \/>\nPlazas limitadas<br \/>\norganiza: A.VV. Altabix<\/p>\n<p><img loading=\"lazy\" decoding=\"async\" class=\"alignnone size-medium wp-image-1705\" src=\"http:\/\/raval.es\/elx\/wp-content\/uploads\/2017\/11\/repoblaclot-300x169.jpg\" alt=\"\" width=\"300\" height=\"169\" srcset=\"https:\/\/raval.es\/elx\/wp-content\/uploads\/2017\/11\/repoblaclot-300x169.jpg 300w, https:\/\/raval.es\/elx\/wp-content\/uploads\/2017\/11\/repoblaclot-768x432.jpg 768w, https:\/\/raval.es\/elx\/wp-content\/uploads\/2017\/11\/repoblaclot.jpg 960w\" sizes=\"auto, (max-width: 300px) 100vw, 300px\" \/><\/p>\n","protected":false},"excerpt":{"rendered":"<p>Ya est\u00e1 disponible la inscripci\u00f3n a la V Jornada de Repoblaci\u00f3n en el Clot de Galvany, puedes inscribirte desde este enlace https:\/\/goo.gl\/FEo511 Domingo, 19 de Noviembre de 2017 desde 10.00h Plazas limitadas organiza: A.VV. Altabix<\/p>\n","protected":false},"author":1,"featured_media":1706,"comment_status":"open","ping_status":"open","sticky":false,"template":"","format":"standard","meta":{"_et_pb_use_builder":"","_et_pb_old_content":"","_et_gb_content_width":"","_joinchat":[],"footnotes":""},"categories":[51],"tags":[],"class_list":["post-1704","post","type-post","status-publish","format-standard","has-post-thumbnail","hentry","category-noticias"],"_links":{"self":[{"href":"https:\/\/raval.es\/elx\/wp-json\/wp\/v2\/posts\/1704","targetHints":{"allow":["GET"]}}],"collection":[{"href":"https:\/\/raval.es\/elx\/wp-json\/wp\/v2\/posts"}],"about":[{"href":"https:\/\/raval.es\/elx\/wp-json\/wp\/v2\/types\/post"}],"author":[{"embeddable":true,"href":"https:\/\/raval.es\/elx\/wp-json\/wp\/v2\/users\/1"}],"replies":[{"embeddable":true,"href":"https:\/\/raval.es\/elx\/wp-json\/wp\/v2\/comments?post=1704"}],"version-history":[{"count":1,"href":"https:\/\/raval.es\/elx\/wp-json\/wp\/v2\/posts\/1704\/revisions"}],"predecessor-version":[{"id":1707,"href":"https:\/\/raval.es\/elx\/wp-json\/wp\/v2\/posts\/1704\/revisions\/1707"}],"wp:featuredmedia":[{"embeddable":true,"href":"https:\/\/raval.es\/elx\/wp-json\/wp\/v2\/media\/1706"}],"wp:attachment":[{"href":"https:\/\/raval.es\/elx\/wp-json\/wp\/v2\/media?parent=1704"}],"wp:term":[{"taxonomy":"category","embeddable":true,"href":"https:\/\/raval.es\/elx\/wp-json\/wp\/v2\/categories?post=1704"},{"taxonomy":"post_tag","embeddable":true,"href":"https:\/\/raval.es\/elx\/wp-json\/wp\/v2\/tags?post=1704"}],"curies":[{"name":"wp","href":"https:\/\/api.w.org\/{rel}","templated":true}]}}