{"id":1723,"date":"2017-10-20T12:40:40","date_gmt":"2017-10-20T12:40:40","guid":{"rendered":"http:\/\/raval.es\/elx\/?p=1723"},"modified":"2017-11-19T12:32:44","modified_gmt":"2017-11-19T12:32:44","slug":"ioganens17-18","status":"publish","type":"post","link":"https:\/\/raval.es\/elx\/ioganens17-18\/","title":{"rendered":"Taller de Yoga para ni\u00f1os\/as (martes tarde)"},"content":{"rendered":"<div id=\"fb-root\"><\/div>\n<p>Desde el 7 de Noviembre, todos los martes no festivos hasta el 29 de mayo de 2018,<br \/>\nen el Centro Social del Raval, 2\u00ba piso (Boix i Rosario, 2, Pla\u00e7a Major del Raval)<\/p>\n<p>Impartido por <strong>Vanesa Lozoya<\/strong>, profesora de Yoga para ni\u00f1os por el Instituto Europeo de Yoga (IEY)<br \/>\nPlazas limitadas.<\/p>\n<p>Horario:<br \/>\nNi\u00f1os\/as de 5 y 6 a\u00f1os. De 18.15 a 18:55h<br \/>\nNi\u00f1os\/as de 7 y 8 a\u00f1os. De 19:00 a 19:40h<br \/>\n<span style=\"color: #993300;\"><strong>PLAZAS COMPLETADAS<\/strong><\/span><\/p>\n<p><img loading=\"lazy\" decoding=\"async\" class=\"alignnone size-medium wp-image-1725\" src=\"http:\/\/raval.es\/elx\/wp-content\/uploads\/2017\/11\/yoganinos-pe-300x138.jpeg\" alt=\"\" width=\"300\" height=\"138\" srcset=\"https:\/\/raval.es\/elx\/wp-content\/uploads\/2017\/11\/yoganinos-pe-300x138.jpeg 300w, https:\/\/raval.es\/elx\/wp-content\/uploads\/2017\/11\/yoganinos-pe.jpeg 650w\" sizes=\"auto, (max-width: 300px) 100vw, 300px\" \/><\/p>\n<p><strong>M\u00e1s informaci\u00f3n en <a href=\"mailto:info@preimpresion.es\">info@preimpresion.es<\/a>, la p\u00e1gina de <a href=\"http:\/\/raval.es\/elx\/contacto\/\">contacto<\/a> y\/o el telf. <span id=\"et-info-phone\">633 971 670 (+whatsapp)<\/span><\/strong><\/p>\n","protected":false},"excerpt":{"rendered":"<p>Desde el 7 de Noviembre, todos los martes no festivos hasta el 29 de mayo de 2018, en el Centro Social del Raval, 2\u00ba piso (Boix i Rosario, 2, Pla\u00e7a Major del Raval) Impartido por Vanesa Lozoya, profesora de Yoga para ni\u00f1os por el Instituto Europeo de Yoga (IEY) Plazas limitadas. Horario: Ni\u00f1os\/as de 5 [&hellip;]<\/p>\n","protected":false},"author":1,"featured_media":1757,"comment_status":"open","ping_status":"open","sticky":false,"template":"","format":"standard","meta":{"_et_pb_use_builder":"","_et_pb_old_content":"","_et_gb_content_width":"","_joinchat":[],"footnotes":""},"categories":[75,64],"tags":[],"class_list":["post-1723","post","type-post","status-publish","format-standard","has-post-thumbnail","hentry","category-75","category-actividades"],"_links":{"self":[{"href":"https:\/\/raval.es\/elx\/wp-json\/wp\/v2\/posts\/1723","targetHints":{"allow":["GET"]}}],"collection":[{"href":"https:\/\/raval.es\/elx\/wp-json\/wp\/v2\/posts"}],"about":[{"href":"https:\/\/raval.es\/elx\/wp-json\/wp\/v2\/types\/post"}],"author":[{"embeddable":true,"href":"https:\/\/raval.es\/elx\/wp-json\/wp\/v2\/users\/1"}],"replies":[{"embeddable":true,"href":"https:\/\/raval.es\/elx\/wp-json\/wp\/v2\/comments?post=1723"}],"version-history":[{"count":4,"href":"https:\/\/raval.es\/elx\/wp-json\/wp\/v2\/posts\/1723\/revisions"}],"predecessor-version":[{"id":1758,"href":"https:\/\/raval.es\/elx\/wp-json\/wp\/v2\/posts\/1723\/revisions\/1758"}],"wp:featuredmedia":[{"embeddable":true,"href":"https:\/\/raval.es\/elx\/wp-json\/wp\/v2\/media\/1757"}],"wp:attachment":[{"href":"https:\/\/raval.es\/elx\/wp-json\/wp\/v2\/media?parent=1723"}],"wp:term":[{"taxonomy":"category","embeddable":true,"href":"https:\/\/raval.es\/elx\/wp-json\/wp\/v2\/categories?post=1723"},{"taxonomy":"post_tag","embeddable":true,"href":"https:\/\/raval.es\/elx\/wp-json\/wp\/v2\/tags?post=1723"}],"curies":[{"name":"wp","href":"https:\/\/api.w.org\/{rel}","templated":true}]}}