{"id":1729,"date":"2018-05-08T12:37:14","date_gmt":"2018-05-08T12:37:14","guid":{"rendered":"http:\/\/raval.es\/elx\/?p=1729"},"modified":"2019-05-07T19:26:24","modified_gmt":"2019-05-07T19:26:24","slug":"angles-17","status":"publish","type":"post","link":"https:\/\/raval.es\/elx\/angles-17\/","title":{"rendered":"Conversemos en INGL\u00c9S (los mi\u00e9rcoles tarde)"},"content":{"rendered":"<div id=\"fb-root\"><\/div>\n<p>Desde el 7 de Noviembre, todos los mi\u00e9rcoles no festivos hasta el 20 de diciembre, en la Teter\u00eda ADARVE (Carrer Major del Raval, 4)<br \/>\nPractica con nosotros el ingl\u00e9s en conversaci\u00f3n informal.<br \/>\nHorario (aprox) de 19:00 a 19:45h<\/p>\n<p><strong>Inscr\u00edbete en: <\/strong><a href=\"http:\/\/raval.es\/nov17\"><strong>raval.es\/nov17<\/strong><\/a><\/p>\n<p><img loading=\"lazy\" decoding=\"async\" class=\"alignnone size-medium wp-image-1731\" src=\"http:\/\/raval.es\/elx\/wp-content\/uploads\/2017\/11\/london-collage-300x132.jpg\" alt=\"\" width=\"300\" height=\"132\" srcset=\"https:\/\/raval.es\/elx\/wp-content\/uploads\/2017\/11\/london-collage-300x132.jpg 300w, https:\/\/raval.es\/elx\/wp-content\/uploads\/2017\/11\/london-collage-768x338.jpg 768w, https:\/\/raval.es\/elx\/wp-content\/uploads\/2017\/11\/london-collage-1024x451.jpg 1024w, https:\/\/raval.es\/elx\/wp-content\/uploads\/2017\/11\/london-collage-1080x476.jpg 1080w, https:\/\/raval.es\/elx\/wp-content\/uploads\/2017\/11\/london-collage.jpg 1476w\" sizes=\"auto, (max-width: 300px) 100vw, 300px\" \/><\/p>\n<p><strong>M\u00e1s informaci\u00f3n en <a href=\"mailto:info@raval.es\">info@raval.es<\/a>, la p\u00e1gina de <a href=\"http:\/\/raval.es\/elx\/contacto\/\">contacto<\/a> y\/o el telf. <span id=\"et-info-phone\">633 971 670 (+whatsapp)<\/span><\/strong><\/p>\n","protected":false},"excerpt":{"rendered":"<p>Desde el 7 de Noviembre, todos los mi\u00e9rcoles no festivos hasta el 20 de diciembre, en la Teter\u00eda ADARVE (Carrer Major del Raval, 4) Practica con nosotros el ingl\u00e9s en conversaci\u00f3n informal. Horario (aprox) de 19:00 a 19:45h Inscr\u00edbete en: raval.es\/nov17 M\u00e1s informaci\u00f3n en info@raval.es, la p\u00e1gina de contacto y\/o el telf. 633 971 670 [&hellip;]<\/p>\n","protected":false},"author":1,"featured_media":1730,"comment_status":"open","ping_status":"open","sticky":false,"template":"","format":"standard","meta":{"_et_pb_use_builder":"","_et_pb_old_content":"","_et_gb_content_width":"","_joinchat":[],"footnotes":""},"categories":[75,64],"tags":[],"class_list":["post-1729","post","type-post","status-publish","format-standard","has-post-thumbnail","hentry","category-75","category-actividades"],"_links":{"self":[{"href":"https:\/\/raval.es\/elx\/wp-json\/wp\/v2\/posts\/1729","targetHints":{"allow":["GET"]}}],"collection":[{"href":"https:\/\/raval.es\/elx\/wp-json\/wp\/v2\/posts"}],"about":[{"href":"https:\/\/raval.es\/elx\/wp-json\/wp\/v2\/types\/post"}],"author":[{"embeddable":true,"href":"https:\/\/raval.es\/elx\/wp-json\/wp\/v2\/users\/1"}],"replies":[{"embeddable":true,"href":"https:\/\/raval.es\/elx\/wp-json\/wp\/v2\/comments?post=1729"}],"version-history":[{"count":4,"href":"https:\/\/raval.es\/elx\/wp-json\/wp\/v2\/posts\/1729\/revisions"}],"predecessor-version":[{"id":1779,"href":"https:\/\/raval.es\/elx\/wp-json\/wp\/v2\/posts\/1729\/revisions\/1779"}],"wp:featuredmedia":[{"embeddable":true,"href":"https:\/\/raval.es\/elx\/wp-json\/wp\/v2\/media\/1730"}],"wp:attachment":[{"href":"https:\/\/raval.es\/elx\/wp-json\/wp\/v2\/media?parent=1729"}],"wp:term":[{"taxonomy":"category","embeddable":true,"href":"https:\/\/raval.es\/elx\/wp-json\/wp\/v2\/categories?post=1729"},{"taxonomy":"post_tag","embeddable":true,"href":"https:\/\/raval.es\/elx\/wp-json\/wp\/v2\/tags?post=1729"}],"curies":[{"name":"wp","href":"https:\/\/api.w.org\/{rel}","templated":true}]}}