{"id":1742,"date":"2017-11-01T20:24:37","date_gmt":"2017-11-01T20:24:37","guid":{"rendered":"http:\/\/raval.es\/elx\/?p=1742"},"modified":"2017-11-01T20:25:16","modified_gmt":"2017-11-01T20:25:16","slug":"humus-film-fest-concurso-de-cine-sobre-huertos-urbanos","status":"publish","type":"post","link":"https:\/\/raval.es\/elx\/humus-film-fest-concurso-de-cine-sobre-huertos-urbanos\/","title":{"rendered":"Humus Film Fest (concurso de cine sobre huertos urbanos)"},"content":{"rendered":"<div id=\"fb-root\"><\/div>\n<p><img loading=\"lazy\" decoding=\"async\" class=\" alignleft\" src=\"https:\/\/www.lacasaencendida.es\/sites\/default\/files\/styles\/full\/public\/humus_film_fest_nt.jpg?itok=kAVQHiGY\" width=\"454\" height=\"319\" \/><\/p>\n<div class=\"row\">\n<div class=\"col-md-8\">\n<article class=\"agenda 2016\">\n<div class=\"text-content\">\n<div class=\"entradilla\">\n<p>Los huertos urbanos se han convertido en laboratorios urbanos, pero sobre todo, en lugares donde los ciudadanos desarrollan todo su potencial creativo. Un festival de cortos para filmar agrohistorias se nos antoja una forma l\u00fadica y atractiva de descubrir la creatividad que est\u00e1 enraizando en los huertos de nuestras ciudades&#8230; An\u00edmate a participar.<\/p>\n<\/div>\n<p>El Humus Film Fest, el primer festival de cortos sobre la tem\u00e1tica \u00abhuerta y ciudad\u00bb, celebra su segunda edici\u00f3n<\/p>\n<p>Tres minutos y medio para contar una historia que conecte estos dos ecosistemas.<\/p>\n<p>El festival pretende dar cabida a todas las miradas que quieran acercarse a mostrar la agricultura urbana tanto de una forma amateur como m\u00e1s profesional; desde visiones m\u00e1s surrealistas o po\u00e9ticas, a escenarios m\u00e1s c\u00f3micos o de realismo&#8230;<\/p>\n<p>Se establecen 4 categor\u00edas:<\/p>\n<ul>\n<li><strong>Fant\u00e1stica:<\/strong> es la categor\u00eda para vuestras historias de ciencia-ficci\u00f3n, de terror, de animaci\u00f3n, futuristas. El espacio para contar cosas que vosotros no creer\u00edais, atacar naves en llamas m\u00e1s all\u00e1 de Ori\u00f3n&#8230; o no.<\/li>\n<li><strong>Corto de Autor:<\/strong> esta es vuestra categor\u00eda, filmakers. Aqu\u00ed recogeremos los cortos con miradas m\u00e1s personales que hablen de la relaci\u00f3n huerta-ciudad: El proceso de nacimiento de un huerto; las miradas m\u00e1s po\u00e9ticas sobre estos entornos; las m\u00e1s surrealistas, las m\u00e1s sociales&#8230; S\u00ed, incluso si tu corto s\u00f3lo lo entendieras t\u00fa, en esta secci\u00f3n cuadra.<\/li>\n<li><strong>Comedia:<\/strong> aqu\u00ed caben todos los cortos que tengan la risa, la iron\u00eda, el humor como protagonista.<\/li>\n<li><strong>Documental:<\/strong> si quer\u00e9is contar la historia de vuestro huerto; mostrar su relaci\u00f3n con el barrio o documentar la fauna que se encuentra entre los bancales, esta es la categor\u00eda.<\/li>\n<\/ul>\n<p><strong>Fechas de Participaci\u00f3n<\/strong><\/p>\n<p>La recepci\u00f3n de cortometrajes comenzar\u00e1 el lunes 16 de octubre de 2017 y finalizar\u00e1 el lunes 5 de marzo de 2018, a las 00:00 hora peninsular espa\u00f1ola.<\/p>\n<p><strong>Inscripci\u00f3n y env\u00edo de cortos<\/strong><\/p>\n<p>Para participar en la tercera edici\u00f3n del festival de cortos deber\u00e1 cumplimentarse la ficha de inscripci\u00f3n y mandarla al correo <a href=\"mailto:humusfestfilm@gmail.com\">humusfestfilm@gmail.com<\/a>, junto con los siguientes archivos:<\/p>\n<ul>\n<li><a href=\"https:\/\/www.lacasaencendida.es\/sites\/default\/files\/humus_film_fest_2018_ficha_inscripcion.pdf\" target=\"_blank\" rel=\"noopener\">Ficha de inscripci\u00f3n (PDF)<\/a>.<\/li>\n<li>Fotograma del corto: de 1000 x 570 p\u00edxeles y un peso m\u00e1ximo de 400Kb, en formato jpg que no contenga el t\u00edtulo (que no sea el fotograma inicial), ni los subt\u00edtulos sobreimpresos.<\/li>\n<\/ul>\n<p>Para cortos con un peso superior a 20 Mb se recomienda usar la plataforma de env\u00edo <a href=\"https:\/\/www.wetransfer.com\/\" target=\"_blank\" rel=\"noopener\">https:\/\/www.wetransfer.com\/<\/a> a la direcci\u00f3n de email citada en el primer p\u00e1rrafo de este apartado.<\/p>\n<p><a href=\"https:\/\/www.lacasaencendida.es\/sites\/default\/files\/humus_film_fest_2018_bases.pdf\" target=\"_blank\" rel=\"noopener\">Bases de la convocatoria (PDF)<\/a><\/p>\n<\/div>\n<\/article>\n<\/div>\n<div class=\"col-md-4\"><\/div>\n<\/div>\n","protected":false},"excerpt":{"rendered":"<p>Los huertos urbanos se han convertido en laboratorios urbanos, pero sobre todo, en lugares donde los ciudadanos desarrollan todo su potencial creativo. Un festival de cortos para filmar agrohistorias se nos antoja una forma l\u00fadica y atractiva de descubrir la creatividad que est\u00e1 enraizando en los huertos de nuestras ciudades&#8230; An\u00edmate a participar. El Humus [&hellip;]<\/p>\n","protected":false},"author":1,"featured_media":1743,"comment_status":"open","ping_status":"open","sticky":false,"template":"","format":"standard","meta":{"_et_pb_use_builder":"","_et_pb_old_content":"","_et_gb_content_width":"","_joinchat":[],"footnotes":""},"categories":[51],"tags":[],"class_list":["post-1742","post","type-post","status-publish","format-standard","has-post-thumbnail","hentry","category-noticias"],"_links":{"self":[{"href":"https:\/\/raval.es\/elx\/wp-json\/wp\/v2\/posts\/1742","targetHints":{"allow":["GET"]}}],"collection":[{"href":"https:\/\/raval.es\/elx\/wp-json\/wp\/v2\/posts"}],"about":[{"href":"https:\/\/raval.es\/elx\/wp-json\/wp\/v2\/types\/post"}],"author":[{"embeddable":true,"href":"https:\/\/raval.es\/elx\/wp-json\/wp\/v2\/users\/1"}],"replies":[{"embeddable":true,"href":"https:\/\/raval.es\/elx\/wp-json\/wp\/v2\/comments?post=1742"}],"version-history":[{"count":1,"href":"https:\/\/raval.es\/elx\/wp-json\/wp\/v2\/posts\/1742\/revisions"}],"predecessor-version":[{"id":1744,"href":"https:\/\/raval.es\/elx\/wp-json\/wp\/v2\/posts\/1742\/revisions\/1744"}],"wp:featuredmedia":[{"embeddable":true,"href":"https:\/\/raval.es\/elx\/wp-json\/wp\/v2\/media\/1743"}],"wp:attachment":[{"href":"https:\/\/raval.es\/elx\/wp-json\/wp\/v2\/media?parent=1742"}],"wp:term":[{"taxonomy":"category","embeddable":true,"href":"https:\/\/raval.es\/elx\/wp-json\/wp\/v2\/categories?post=1742"},{"taxonomy":"post_tag","embeddable":true,"href":"https:\/\/raval.es\/elx\/wp-json\/wp\/v2\/tags?post=1742"}],"curies":[{"name":"wp","href":"https:\/\/api.w.org\/{rel}","templated":true}]}}