{"id":1800,"date":"2017-11-27T22:03:08","date_gmt":"2017-11-27T22:03:08","guid":{"rendered":"http:\/\/raval.es\/elx\/?p=1800"},"modified":"2017-12-02T17:42:20","modified_gmt":"2017-12-02T17:42:20","slug":"taller-de-wordpress-miercoles-29-noviembre","status":"publish","type":"post","link":"https:\/\/raval.es\/elx\/taller-de-wordpress-miercoles-29-noviembre\/","title":{"rendered":"Taller de WordPress &#8211; Mi\u00e9rcoles 29-Noviembre"},"content":{"rendered":"<div id=\"fb-root\"><\/div>\n<p><span class=\"_4n-j _3cht fsl\" data-testid=\"event-permalink-details\"><img loading=\"lazy\" decoding=\"async\" class=\" wp-image-1801 alignleft\" src=\"http:\/\/raval.es\/elx\/wp-content\/uploads\/2017\/11\/WordPress-Logo-Download-PNG-300x197.png\" alt=\"\" width=\"243\" height=\"164\" \/>20:00h. Centre Social (Pla\u00e7a Major del Raval)<\/span><\/p>\n<p><span class=\"_4n-j _3cht fsl\" data-testid=\"event-permalink-details\">Taller gratu\u00eft per con\u00e8ixer WordPress, una de les ferramentes m\u00e9s populars per fer p\u00e0gines per la web.<br \/>\nSi portes el teu port\u00e0til o tablet potser al acabar ja tindr\u00e0s el teu propi blog visible a internet<br \/>\nInscripcions: <a href=\"http:\/\/www.raval.es\/nov17\" target=\"_blank\" rel=\"nofollow noopener\" data-lynx-mode=\"async\" data-lynx-uri=\"https:\/\/l.facebook.com\/l.php?u=http%3A%2F%2Fwww.raval.es%2Fnov17&amp;h=ATMBm-SKRg6JUovPQ65FRXprtsOweuuaCB4lUdYOBqpdsXfe_6G2nZNy-_UybMnhHzGbzmE_mQUa7fEfGf_-t6qh4nHX5SpfdvOxamiKPg0LwUCR4tCFKPY9HKZmXiyDTpaamM140PJUwQjivv9jbVDc2JP-kPr7RhuPnAayZEIuudScO2AyLPk\">www.raval.es\/nov17<\/a><\/span><\/p>\n<p>&#8211; El meu primer (i gratu\u00eft) blog: <a href=\"https:\/\/l.facebook.com\/l.php?u=https%3A%2F%2Fwordpress.com%2F&amp;h=ATM6E_R5Lyj7HJ9Ohmg3AZXm16_bwpiYuE5-H65VkZ_QP9q679HJ-mr22l48-Iw_IjnsNO-RNP0Dk7tLlahgDU0u-GLFG3dj1aCX3pWQIdf7RGlTbzs-OdytohKAmiWG9SHaLmURNWBLCkiNu7ZdAaUdsHtCesrKb1zNamFWIzidOim8Symca4JeGUt13A\" target=\"_blank\" rel=\"nofollow noopener\" data-lynx-mode=\"async\">wordpress.com<\/a><br \/>\n&#8211; Difer\u00e8ncies entre \u00abEntrades\u00bb i \u00abP\u00e0gines\u00bb<br \/>\n&#8211; \u00abCategories\u00bb. Un efica\u00e7 sistema de clasificaci\u00f3<br \/>\n&#8211; Biblioteca. El Magatzem d&#8217;imatges i altres documents<br \/>\n&#8211; Escriure al Blog.<br \/>\n&#8211; Integraci\u00f3 i tractament d&#8217;imatges<br \/>\n&#8211; Les dates d&#8217;entrada: ordenaci\u00f3 i programaci\u00f3<br \/>\n&#8211; Men\u00fas.<span class=\"text_exposed_show\"><br \/>\n&#8211; Widgets.<br \/>\n&#8211; Plugins.<br \/>\n&#8211; Plantilles de publicaci\u00f3: La imatge de blog que volem.<br \/>\n&#8211; Gesti\u00f3 d&#8217;usuaris i suscriptors. Comentaris<\/span><\/p>\n","protected":false},"excerpt":{"rendered":"<p>20:00h. Centre Social (Pla\u00e7a Major del Raval) Taller gratu\u00eft per con\u00e8ixer WordPress, una de les ferramentes m\u00e9s populars per fer p\u00e0gines per la web. Si portes el teu port\u00e0til o tablet potser al acabar ja tindr\u00e0s el teu propi blog visible a internet Inscripcions: www.raval.es\/nov17 &#8211; El meu primer (i gratu\u00eft) blog: wordpress.com &#8211; Difer\u00e8ncies [&hellip;]<\/p>\n","protected":false},"author":1,"featured_media":1802,"comment_status":"open","ping_status":"open","sticky":false,"template":"","format":"standard","meta":{"_et_pb_use_builder":"","_et_pb_old_content":"","_et_gb_content_width":"","_joinchat":[],"footnotes":""},"categories":[75,64],"tags":[],"class_list":["post-1800","post","type-post","status-publish","format-standard","has-post-thumbnail","hentry","category-75","category-actividades"],"_links":{"self":[{"href":"https:\/\/raval.es\/elx\/wp-json\/wp\/v2\/posts\/1800","targetHints":{"allow":["GET"]}}],"collection":[{"href":"https:\/\/raval.es\/elx\/wp-json\/wp\/v2\/posts"}],"about":[{"href":"https:\/\/raval.es\/elx\/wp-json\/wp\/v2\/types\/post"}],"author":[{"embeddable":true,"href":"https:\/\/raval.es\/elx\/wp-json\/wp\/v2\/users\/1"}],"replies":[{"embeddable":true,"href":"https:\/\/raval.es\/elx\/wp-json\/wp\/v2\/comments?post=1800"}],"version-history":[{"count":4,"href":"https:\/\/raval.es\/elx\/wp-json\/wp\/v2\/posts\/1800\/revisions"}],"predecessor-version":[{"id":1806,"href":"https:\/\/raval.es\/elx\/wp-json\/wp\/v2\/posts\/1800\/revisions\/1806"}],"wp:featuredmedia":[{"embeddable":true,"href":"https:\/\/raval.es\/elx\/wp-json\/wp\/v2\/media\/1802"}],"wp:attachment":[{"href":"https:\/\/raval.es\/elx\/wp-json\/wp\/v2\/media?parent=1800"}],"wp:term":[{"taxonomy":"category","embeddable":true,"href":"https:\/\/raval.es\/elx\/wp-json\/wp\/v2\/categories?post=1800"},{"taxonomy":"post_tag","embeddable":true,"href":"https:\/\/raval.es\/elx\/wp-json\/wp\/v2\/tags?post=1800"}],"curies":[{"name":"wp","href":"https:\/\/api.w.org\/{rel}","templated":true}]}}