{"id":1846,"date":"2018-01-09T13:54:18","date_gmt":"2018-01-09T13:54:18","guid":{"rendered":"http:\/\/raval.es\/elx\/?p=1846"},"modified":"2018-04-23T22:12:35","modified_gmt":"2018-04-23T22:12:35","slug":"senderismo-por-la-ruta-del-agua-al-museo-de-pusol","status":"publish","type":"post","link":"https:\/\/raval.es\/elx\/senderismo-por-la-ruta-del-agua-al-museo-de-pusol\/","title":{"rendered":"Senderismo: Por la ruta del agua al Museo de Pusol &#8211; Domingo, 21"},"content":{"rendered":"<div id=\"fb-root\"><\/div>\n<p><img loading=\"lazy\" decoding=\"async\" class=\"alignnone size-medium wp-image-1851\" src=\"http:\/\/raval.es\/elx\/wp-content\/uploads\/2018\/01\/museo-escolar-de-pusol-300x184.jpg\" alt=\"\" width=\"300\" height=\"184\" srcset=\"https:\/\/raval.es\/elx\/wp-content\/uploads\/2018\/01\/museo-escolar-de-pusol-300x184.jpg 300w, https:\/\/raval.es\/elx\/wp-content\/uploads\/2018\/01\/museo-escolar-de-pusol-768x472.jpg 768w, https:\/\/raval.es\/elx\/wp-content\/uploads\/2018\/01\/museo-escolar-de-pusol.jpg 980w\" sizes=\"auto, (max-width: 300px) 100vw, 300px\" \/><\/p>\n<p>Salida a las 9:15 desde la rambla del rio Vinalop\u00f3, bajo del Pont de la Generalitat<br \/>\nRecorrido semicircular de 15Km (3h aprox.) y al llegar a Pusol visita al Museo (40 min.)<br \/>\n<strong>M\u00e9s informaci\u00f3 en <a href=\"mailto:info@raval.es\">info@raval.es<\/a>, la p\u00e0gina de <a href=\"http:\/\/raval.es\/elx\/contacto\/\">contacte<\/a> i\/o el telf. <span id=\"et-info-phone\">633 971 670 (+whatsapp)<\/span><\/strong><\/p>\n<p><strong><em>IMPORTANT:\u00a0 <\/em><\/strong><strong><em>Tots\/es els inscrits s\u00f3n afegits a un whatsapp del Grup de Senderisme per estar puntualmente informats de qualsevol canvi en la ruta, hora, lloc de trobada o apla\u00e7ament. <\/em><\/strong>\u00a0\n            <!-- Blueimp gallery -->\n            <div id=\"blueimp-gallery-1905\" class=\"blueimp-gallery blueimp-gallery-controls\">\n                <div class=\"slides\"><\/div>\n                <h3 class=\"title\"><\/h3>\n                <a class=\"prev\">\u2039<\/a>\n                <a class=\"next\">\u203a<\/a>\n                <a class=\"close\">\u00d7<\/a>\n                <a class=\"play-pause\"><\/a>\n                <ol class=\"indicator\"><\/ol>\n                <div class=\"modal fade\">\n                    <div class=\"modal-dialog\">\n                        <div class=\"modal-content\">\n                            <div class=\"modal-header\">\n                                <button type=\"button\" class=\"close\" aria-hidden=\"true\">\u00d7<\/button>\n                                <h4 class=\"modal-title\"><\/h4>\n                            <\/div>\n                            <div class=\"modal-body next\"><\/div>\n                            <div class=\"modal-footer\">\n                                <button type=\"button\" class=\"btn btn-default pull-left prev\">\n                                    <i class=\"glyphicon glyphicon-chevron-left\"><\/i>\n                                    Previous                                <\/button>\n                                <button type=\"button\" class=\"btn btn-primary next\">\n                                    Next                                    <i class=\"glyphicon glyphicon-chevron-right\"><\/i>\n                                <\/button>\n                            <\/div>\n                        <\/div>\n                    <\/div>\n                <\/div>\n            <\/div>\n\n            <script type=\"text\/javascript\">\n            jQuery(function() {\n                jQuery.extend(blueimp.Gallery.prototype.options, {\n                    useBootstrapModal: false,\n                    hidePageScrollbars: false,\n                    container: \"#blueimp-gallery-1905\",\n                });\n            });\n            <\/script>\n\n            <\/p>\n","protected":false},"excerpt":{"rendered":"<p>Salida a las 9:15 desde la rambla del rio Vinalop\u00f3, bajo del Pont de la Generalitat Recorrido semicircular de 15Km (3h aprox.) y al llegar a Pusol visita al Museo (40 min.) M\u00e9s informaci\u00f3 en info@raval.es, la p\u00e0gina de contacte i\/o el telf. 633 971 670 (+whatsapp) IMPORTANT:\u00a0 Tots\/es els inscrits s\u00f3n afegits a un [&hellip;]<\/p>\n","protected":false},"author":1,"featured_media":1849,"comment_status":"open","ping_status":"open","sticky":false,"template":"","format":"standard","meta":{"_et_pb_use_builder":"","_et_pb_old_content":"","_et_gb_content_width":"","_joinchat":[],"footnotes":""},"categories":[91,64,70],"tags":[],"class_list":["post-1846","post","type-post","status-publish","format-standard","has-post-thumbnail","hentry","category-91","category-actividades","category-senderisme"],"_links":{"self":[{"href":"https:\/\/raval.es\/elx\/wp-json\/wp\/v2\/posts\/1846","targetHints":{"allow":["GET"]}}],"collection":[{"href":"https:\/\/raval.es\/elx\/wp-json\/wp\/v2\/posts"}],"about":[{"href":"https:\/\/raval.es\/elx\/wp-json\/wp\/v2\/types\/post"}],"author":[{"embeddable":true,"href":"https:\/\/raval.es\/elx\/wp-json\/wp\/v2\/users\/1"}],"replies":[{"embeddable":true,"href":"https:\/\/raval.es\/elx\/wp-json\/wp\/v2\/comments?post=1846"}],"version-history":[{"count":6,"href":"https:\/\/raval.es\/elx\/wp-json\/wp\/v2\/posts\/1846\/revisions"}],"predecessor-version":[{"id":1907,"href":"https:\/\/raval.es\/elx\/wp-json\/wp\/v2\/posts\/1846\/revisions\/1907"}],"wp:featuredmedia":[{"embeddable":true,"href":"https:\/\/raval.es\/elx\/wp-json\/wp\/v2\/media\/1849"}],"wp:attachment":[{"href":"https:\/\/raval.es\/elx\/wp-json\/wp\/v2\/media?parent=1846"}],"wp:term":[{"taxonomy":"category","embeddable":true,"href":"https:\/\/raval.es\/elx\/wp-json\/wp\/v2\/categories?post=1846"},{"taxonomy":"post_tag","embeddable":true,"href":"https:\/\/raval.es\/elx\/wp-json\/wp\/v2\/tags?post=1846"}],"curies":[{"name":"wp","href":"https:\/\/api.w.org\/{rel}","templated":true}]}}