{"id":1854,"date":"2017-12-14T17:00:01","date_gmt":"2017-12-14T17:00:01","guid":{"rendered":"http:\/\/raval.es\/elx\/?p=1854"},"modified":"2018-01-11T17:24:57","modified_gmt":"2018-01-11T17:24:57","slug":"el-ayuntamiento-amplia-la-proteccion-del-nucleo-historico-tradicional","status":"publish","type":"post","link":"https:\/\/raval.es\/elx\/el-ayuntamiento-amplia-la-proteccion-del-nucleo-historico-tradicional\/","title":{"rendered":"El Ayuntamiento ampl\u00eda la protecci\u00f3n del n\u00facleo hist\u00f3rico tradicional"},"content":{"rendered":"<div id=\"fb-root\"><\/div>\n<p><img loading=\"lazy\" decoding=\"async\" class=\" alignleft\" src=\"http:\/\/www.elche.es\/wp-content\/uploads\/2017\/12\/IMG_7414-1170x659.jpg\" width=\"456\" height=\"257\" \/>El concejal de Urbanismo anuncia que no se podr\u00e1n realizar obras en la zona que va del Parque Municipal hasta el sur del Raval sin un estudio arqueol\u00f3gico previo y el visto bueno de conselleria<\/p>\n<p><a href=\"http:\/\/www.elche.es\/2017\/12\/el-ayuntamiento-amplia-la-proteccion-del-nucleo-historico-tradicional\/\" target=\"_blank\" rel=\"noopener\">m\u00e1s info: ELCHE.ES<\/a><\/p>\n","protected":false},"excerpt":{"rendered":"<p>El concejal de Urbanismo anuncia que no se podr\u00e1n realizar obras en la zona que va del Parque Municipal hasta el sur del Raval sin un estudio arqueol\u00f3gico previo y el visto bueno de conselleria m\u00e1s info: ELCHE.ES<\/p>\n","protected":false},"author":1,"featured_media":0,"comment_status":"open","ping_status":"open","sticky":false,"template":"","format":"standard","meta":{"_et_pb_use_builder":"off","_et_pb_old_content":"","_et_gb_content_width":"","_joinchat":[],"footnotes":""},"categories":[51],"tags":[],"class_list":["post-1854","post","type-post","status-publish","format-standard","hentry","category-noticias"],"_links":{"self":[{"href":"https:\/\/raval.es\/elx\/wp-json\/wp\/v2\/posts\/1854","targetHints":{"allow":["GET"]}}],"collection":[{"href":"https:\/\/raval.es\/elx\/wp-json\/wp\/v2\/posts"}],"about":[{"href":"https:\/\/raval.es\/elx\/wp-json\/wp\/v2\/types\/post"}],"author":[{"embeddable":true,"href":"https:\/\/raval.es\/elx\/wp-json\/wp\/v2\/users\/1"}],"replies":[{"embeddable":true,"href":"https:\/\/raval.es\/elx\/wp-json\/wp\/v2\/comments?post=1854"}],"version-history":[{"count":4,"href":"https:\/\/raval.es\/elx\/wp-json\/wp\/v2\/posts\/1854\/revisions"}],"predecessor-version":[{"id":1860,"href":"https:\/\/raval.es\/elx\/wp-json\/wp\/v2\/posts\/1854\/revisions\/1860"}],"wp:attachment":[{"href":"https:\/\/raval.es\/elx\/wp-json\/wp\/v2\/media?parent=1854"}],"wp:term":[{"taxonomy":"category","embeddable":true,"href":"https:\/\/raval.es\/elx\/wp-json\/wp\/v2\/categories?post=1854"},{"taxonomy":"post_tag","embeddable":true,"href":"https:\/\/raval.es\/elx\/wp-json\/wp\/v2\/tags?post=1854"}],"curies":[{"name":"wp","href":"https:\/\/api.w.org\/{rel}","templated":true}]}}