{"id":1862,"date":"2018-01-11T17:30:07","date_gmt":"2018-01-11T17:30:07","guid":{"rendered":"http:\/\/raval.es\/elx\/?p=1862"},"modified":"2018-01-11T17:34:42","modified_gmt":"2018-01-11T17:34:42","slug":"alcoi-el-contenedor-marron-llega-al-centro","status":"publish","type":"post","link":"https:\/\/raval.es\/elx\/alcoi-el-contenedor-marron-llega-al-centro\/","title":{"rendered":"Alcoi: El contenedor marr\u00f3n llega al Centro"},"content":{"rendered":"<div id=\"fb-root\"><\/div>\n<p><img loading=\"lazy\" decoding=\"async\" class=\"size-medium alignleft\" src=\"http:\/\/fotos01.diarioinformacion.com\/2018\/01\/09\/328x206\/contenedor-marron.jpg\" width=\"328\" height=\"224\" \/>Un ejemplo, Alcoi va por delante.<br \/>\nPara el resto de poblaciones valencianas ha de cumplirse la ley de 2010<\/p>\n<p>El <a title=\"Ayuntamiento de Alcoy\" href=\"http:\/\/www.diarioinformacion.com\/tags\/ayuntamiento-de-alcoy.html\">Ayuntamiento de Alcoy<\/a> va a incorporar el contenedor marr\u00f3n, destinado a la recogida selectiva de materia org\u00e1nica, en el casco antiguo de Alcoy. Ser\u00e1 aprovechando la puesta en marcha de la nueva contrata de la basura y como una medida experimental que, en funci\u00f3n de los resultados, pueda extenderse al resto del municipio. El grupo ecologista La Carrasca ha elogiado la iniciativa, aunque al mismo tiempo reclama rigor y participaci\u00f3n.<\/p>\n<p>Fuente: <a href=\"http:\/\/www.diarioinformacion.com\/alcoy\/2018\/01\/10\/contenedor-marron-llega-centro\/1975904.html\" target=\"_blank\" rel=\"noopener\">INFORMACION<\/a><\/p>\n","protected":false},"excerpt":{"rendered":"<p>Un ejemplo, Alcoi va por delante. Para el resto de poblaciones valencianas ha de cumplirse la ley de 2010 El Ayuntamiento de Alcoy va a incorporar el contenedor marr\u00f3n, destinado a la recogida selectiva de materia org\u00e1nica, en el casco antiguo de Alcoy. Ser\u00e1 aprovechando la puesta en marcha de la nueva contrata de la [&hellip;]<\/p>\n","protected":false},"author":1,"featured_media":0,"comment_status":"open","ping_status":"open","sticky":false,"template":"","format":"standard","meta":{"_et_pb_use_builder":"","_et_pb_old_content":"","_et_gb_content_width":"","_joinchat":[],"footnotes":""},"categories":[51],"tags":[],"class_list":["post-1862","post","type-post","status-publish","format-standard","hentry","category-noticias"],"_links":{"self":[{"href":"https:\/\/raval.es\/elx\/wp-json\/wp\/v2\/posts\/1862","targetHints":{"allow":["GET"]}}],"collection":[{"href":"https:\/\/raval.es\/elx\/wp-json\/wp\/v2\/posts"}],"about":[{"href":"https:\/\/raval.es\/elx\/wp-json\/wp\/v2\/types\/post"}],"author":[{"embeddable":true,"href":"https:\/\/raval.es\/elx\/wp-json\/wp\/v2\/users\/1"}],"replies":[{"embeddable":true,"href":"https:\/\/raval.es\/elx\/wp-json\/wp\/v2\/comments?post=1862"}],"version-history":[{"count":1,"href":"https:\/\/raval.es\/elx\/wp-json\/wp\/v2\/posts\/1862\/revisions"}],"predecessor-version":[{"id":1863,"href":"https:\/\/raval.es\/elx\/wp-json\/wp\/v2\/posts\/1862\/revisions\/1863"}],"wp:attachment":[{"href":"https:\/\/raval.es\/elx\/wp-json\/wp\/v2\/media?parent=1862"}],"wp:term":[{"taxonomy":"category","embeddable":true,"href":"https:\/\/raval.es\/elx\/wp-json\/wp\/v2\/categories?post=1862"},{"taxonomy":"post_tag","embeddable":true,"href":"https:\/\/raval.es\/elx\/wp-json\/wp\/v2\/tags?post=1862"}],"curies":[{"name":"wp","href":"https:\/\/api.w.org\/{rel}","templated":true}]}}