{"id":1869,"date":"2017-10-23T17:42:26","date_gmt":"2017-10-23T17:42:26","guid":{"rendered":"http:\/\/raval.es\/elx\/?p=1869"},"modified":"2018-01-11T17:47:44","modified_gmt":"2018-01-11T17:47:44","slug":"la-confederacion-vecinal-reclama-revertir-la-ap-7","status":"publish","type":"post","link":"https:\/\/raval.es\/elx\/la-confederacion-vecinal-reclama-revertir-la-ap-7\/","title":{"rendered":"La confederaci\u00f3n vecinal reclama revertir la AP-7"},"content":{"rendered":"<div id=\"fb-root\"><\/div>\n<p><img loading=\"lazy\" decoding=\"async\" class=\"size-medium alignleft\" src=\"http:\/\/fotos00.levante-emv.com\/2017\/10\/22\/328x206\/confederacion-vecinal-1.jpg\" width=\"328\" height=\"190\" \/>La Confederaci\u00f3 d&#8217;Associacions de Ve\u00efns i Consumidors de la Comunitat Valenciana, Cavecova, celebr\u00f3 durante el pasado fin de semana en la sede de la UNED de Elx, un encuentro en el que se dieron cita representantes vecinales de toda la geograf\u00eda valenciana para analizar la situaci\u00f3n del movimiento vecinal y actualizar sus reivindicaciones, as\u00ed como para celebrar el XX aniversario de la entidad.<\/p>\n<p>El presidente de Cavecova, Juan Antonio Caballero, hizo un repaso de las reclamaciones en las que se encuentra trabajando la confederaci\u00f3n. Estas se pueden enmarcarse en diferentes \u00e1reas: dentro de la tem\u00e1tica de Transporte, algunas de sus reivindicaciones actuales son la ejecuci\u00f3n del corredor mediterr\u00e1neo y la reversi\u00f3n de la autopista AP-7. En Medio Ambiente las peticiones se dirigen hacia una \u00f3ptima gesti\u00f3n de la quema de la paja del arroz de l&#8217;Albufera; una campa\u00f1a de lenguaje no sexista en el campo de la Igualdad o los programas de mediaci\u00f3n Entrevecinos.<\/p>\n<p>Fuente: <a href=\"http:\/\/www.levante-emv.com\/comunitat-valenciana\/2017\/10\/23\/confederacion-vecinal-reclama-revertir-ap\/1631508.html\" target=\"_blank\" rel=\"noopener\">LEVANTE<\/a><\/p>\n","protected":false},"excerpt":{"rendered":"<p>La Confederaci\u00f3 d&#8217;Associacions de Ve\u00efns i Consumidors de la Comunitat Valenciana, Cavecova, celebr\u00f3 durante el pasado fin de semana en la sede de la UNED de Elx, un encuentro en el que se dieron cita representantes vecinales de toda la geograf\u00eda valenciana para analizar la situaci\u00f3n del movimiento vecinal y actualizar sus reivindicaciones, as\u00ed como [&hellip;]<\/p>\n","protected":false},"author":1,"featured_media":0,"comment_status":"open","ping_status":"open","sticky":false,"template":"","format":"standard","meta":{"_et_pb_use_builder":"","_et_pb_old_content":"","_et_gb_content_width":"","_joinchat":[],"footnotes":""},"categories":[51],"tags":[],"class_list":["post-1869","post","type-post","status-publish","format-standard","hentry","category-noticias"],"_links":{"self":[{"href":"https:\/\/raval.es\/elx\/wp-json\/wp\/v2\/posts\/1869","targetHints":{"allow":["GET"]}}],"collection":[{"href":"https:\/\/raval.es\/elx\/wp-json\/wp\/v2\/posts"}],"about":[{"href":"https:\/\/raval.es\/elx\/wp-json\/wp\/v2\/types\/post"}],"author":[{"embeddable":true,"href":"https:\/\/raval.es\/elx\/wp-json\/wp\/v2\/users\/1"}],"replies":[{"embeddable":true,"href":"https:\/\/raval.es\/elx\/wp-json\/wp\/v2\/comments?post=1869"}],"version-history":[{"count":1,"href":"https:\/\/raval.es\/elx\/wp-json\/wp\/v2\/posts\/1869\/revisions"}],"predecessor-version":[{"id":1870,"href":"https:\/\/raval.es\/elx\/wp-json\/wp\/v2\/posts\/1869\/revisions\/1870"}],"wp:attachment":[{"href":"https:\/\/raval.es\/elx\/wp-json\/wp\/v2\/media?parent=1869"}],"wp:term":[{"taxonomy":"category","embeddable":true,"href":"https:\/\/raval.es\/elx\/wp-json\/wp\/v2\/categories?post=1869"},{"taxonomy":"post_tag","embeddable":true,"href":"https:\/\/raval.es\/elx\/wp-json\/wp\/v2\/tags?post=1869"}],"curies":[{"name":"wp","href":"https:\/\/api.w.org\/{rel}","templated":true}]}}