{"id":1871,"date":"2017-10-21T17:47:48","date_gmt":"2017-10-21T17:47:48","guid":{"rendered":"http:\/\/raval.es\/elx\/?p=1871"},"modified":"2018-01-11T17:49:56","modified_gmt":"2018-01-11T17:49:56","slug":"cave-cova-exigira-al-gobierno-un-control-publico-de-las-electricas-y-mas-transparencia","status":"publish","type":"post","link":"https:\/\/raval.es\/elx\/cave-cova-exigira-al-gobierno-un-control-publico-de-las-electricas-y-mas-transparencia\/","title":{"rendered":"CAVE-COVA exigir\u00e1 al Gobierno un control p\u00fablico de las el\u00e9ctricas y m\u00e1s transparencia"},"content":{"rendered":"<div id=\"fb-root\"><\/div>\n<p><img loading=\"lazy\" decoding=\"async\" class=\"alignleft\" src=\"http:\/\/cadenaser00.epimg.net\/emisora\/imagenes\/2017\/10\/21\/radio_valencia\/1508590095_370258_1508590173_noticia_normal.jpg\" width=\"277\" height=\"197\" \/>La confederaci\u00f3n de asociaciones de vecinos se fija como una de sus prioridades la lucha contra la pobreza energ\u00e9tica<\/p>\n<p>Fuente: <a href=\"http:\/\/cadenaser.com\/emisora\/2017\/10\/21\/radio_valencia\/1508590095_370258.html\" target=\"_blank\" rel=\"noopener\">CADENA SER<\/a><\/p>\n","protected":false},"excerpt":{"rendered":"<p>La confederaci\u00f3n de asociaciones de vecinos se fija como una de sus prioridades la lucha contra la pobreza energ\u00e9tica Fuente: CADENA SER<\/p>\n","protected":false},"author":1,"featured_media":0,"comment_status":"open","ping_status":"open","sticky":false,"template":"","format":"standard","meta":{"_et_pb_use_builder":"","_et_pb_old_content":"","_et_gb_content_width":"","_joinchat":[],"footnotes":""},"categories":[51],"tags":[],"class_list":["post-1871","post","type-post","status-publish","format-standard","hentry","category-noticias"],"_links":{"self":[{"href":"https:\/\/raval.es\/elx\/wp-json\/wp\/v2\/posts\/1871","targetHints":{"allow":["GET"]}}],"collection":[{"href":"https:\/\/raval.es\/elx\/wp-json\/wp\/v2\/posts"}],"about":[{"href":"https:\/\/raval.es\/elx\/wp-json\/wp\/v2\/types\/post"}],"author":[{"embeddable":true,"href":"https:\/\/raval.es\/elx\/wp-json\/wp\/v2\/users\/1"}],"replies":[{"embeddable":true,"href":"https:\/\/raval.es\/elx\/wp-json\/wp\/v2\/comments?post=1871"}],"version-history":[{"count":1,"href":"https:\/\/raval.es\/elx\/wp-json\/wp\/v2\/posts\/1871\/revisions"}],"predecessor-version":[{"id":1872,"href":"https:\/\/raval.es\/elx\/wp-json\/wp\/v2\/posts\/1871\/revisions\/1872"}],"wp:attachment":[{"href":"https:\/\/raval.es\/elx\/wp-json\/wp\/v2\/media?parent=1871"}],"wp:term":[{"taxonomy":"category","embeddable":true,"href":"https:\/\/raval.es\/elx\/wp-json\/wp\/v2\/categories?post=1871"},{"taxonomy":"post_tag","embeddable":true,"href":"https:\/\/raval.es\/elx\/wp-json\/wp\/v2\/tags?post=1871"}],"curies":[{"name":"wp","href":"https:\/\/api.w.org\/{rel}","templated":true}]}}