{"id":1875,"date":"2018-01-28T23:11:39","date_gmt":"2018-01-28T23:11:39","guid":{"rendered":"http:\/\/raval.es\/elx\/?p=1875"},"modified":"2018-02-01T21:30:26","modified_gmt":"2018-02-01T21:30:26","slug":"assemblea-general-ordinaria","status":"publish","type":"post","link":"https:\/\/raval.es\/elx\/assemblea-general-ordinaria\/","title":{"rendered":"ASSEMBLEA GENERAL ORDIN\u00c0RIA- Dimecres, 31 &#8211; 20:00h."},"content":{"rendered":"<div id=\"fb-root\"><\/div>\n<p><img loading=\"lazy\" decoding=\"async\" class=\"size-medium wp-image-1882 alignleft\" src=\"http:\/\/raval.es\/elx\/wp-content\/uploads\/2018\/01\/assemblea1-300x228.jpg\" alt=\"\" width=\"300\" height=\"228\" srcset=\"https:\/\/raval.es\/elx\/wp-content\/uploads\/2018\/01\/assemblea1-300x228.jpg 300w, https:\/\/raval.es\/elx\/wp-content\/uploads\/2018\/01\/assemblea1-768x583.jpg 768w, https:\/\/raval.es\/elx\/wp-content\/uploads\/2018\/01\/assemblea1.jpg 1024w\" sizes=\"auto, (max-width: 300px) 100vw, 300px\" \/><strong>Associaci\u00f3 de Ve\u00efns i Ve\u00efnes RAVAL NOU i carrers adjacents<\/strong><\/p>\n<p>Centre Social del Raval<br \/>\nC\/Boix i Rosario, 2 (Pla\u00e7a Major del Raval)<\/p>\n<p>Al finalizar l&#8217;Assemblea farem un recordatori de les activitats del 2017<\/p>\n<p><strong>US ESPEREM<\/strong><\/p>\n","protected":false},"excerpt":{"rendered":"<p>Associaci\u00f3 de Ve\u00efns i Ve\u00efnes RAVAL NOU i carrers adjacents Centre Social del Raval C\/Boix i Rosario, 2 (Pla\u00e7a Major del Raval) Al finalizar l&#8217;Assemblea farem un recordatori de les activitats del 2017 US ESPEREM<\/p>\n","protected":false},"author":1,"featured_media":1884,"comment_status":"open","ping_status":"open","sticky":false,"template":"","format":"standard","meta":{"_et_pb_use_builder":"","_et_pb_old_content":"","_et_gb_content_width":"","_joinchat":[],"footnotes":""},"categories":[64,66],"tags":[],"class_list":["post-1875","post","type-post","status-publish","format-standard","has-post-thumbnail","hentry","category-actividades","category-asambleas"],"_links":{"self":[{"href":"https:\/\/raval.es\/elx\/wp-json\/wp\/v2\/posts\/1875","targetHints":{"allow":["GET"]}}],"collection":[{"href":"https:\/\/raval.es\/elx\/wp-json\/wp\/v2\/posts"}],"about":[{"href":"https:\/\/raval.es\/elx\/wp-json\/wp\/v2\/types\/post"}],"author":[{"embeddable":true,"href":"https:\/\/raval.es\/elx\/wp-json\/wp\/v2\/users\/1"}],"replies":[{"embeddable":true,"href":"https:\/\/raval.es\/elx\/wp-json\/wp\/v2\/comments?post=1875"}],"version-history":[{"count":6,"href":"https:\/\/raval.es\/elx\/wp-json\/wp\/v2\/posts\/1875\/revisions"}],"predecessor-version":[{"id":1891,"href":"https:\/\/raval.es\/elx\/wp-json\/wp\/v2\/posts\/1875\/revisions\/1891"}],"wp:featuredmedia":[{"embeddable":true,"href":"https:\/\/raval.es\/elx\/wp-json\/wp\/v2\/media\/1884"}],"wp:attachment":[{"href":"https:\/\/raval.es\/elx\/wp-json\/wp\/v2\/media?parent=1875"}],"wp:term":[{"taxonomy":"category","embeddable":true,"href":"https:\/\/raval.es\/elx\/wp-json\/wp\/v2\/categories?post=1875"},{"taxonomy":"post_tag","embeddable":true,"href":"https:\/\/raval.es\/elx\/wp-json\/wp\/v2\/tags?post=1875"}],"curies":[{"name":"wp","href":"https:\/\/api.w.org\/{rel}","templated":true}]}}