{"id":1929,"date":"2018-02-19T22:38:36","date_gmt":"2018-02-19T22:38:36","guid":{"rendered":"http:\/\/raval.es\/elx\/?p=1929"},"modified":"2018-04-23T22:12:25","modified_gmt":"2018-04-23T22:12:25","slug":"cua-panta","status":"publish","type":"post","link":"https:\/\/raval.es\/elx\/cua-panta\/","title":{"rendered":"Senderismo: A la cola del Pantano &#8211; Domingo, 25"},"content":{"rendered":"<div id=\"fb-root\"><\/div>\n<p><img loading=\"lazy\" decoding=\"async\" class=\"alignnone size-medium wp-image-1931\" src=\"http:\/\/raval.es\/elx\/wp-content\/uploads\/2018\/02\/eventopantano-300x139.jpg\" alt=\"\" width=\"300\" height=\"139\" srcset=\"https:\/\/raval.es\/elx\/wp-content\/uploads\/2018\/02\/eventopantano-300x139.jpg 300w, https:\/\/raval.es\/elx\/wp-content\/uploads\/2018\/02\/eventopantano-768x356.jpg 768w, https:\/\/raval.es\/elx\/wp-content\/uploads\/2018\/02\/eventopantano-1024x474.jpg 1024w, https:\/\/raval.es\/elx\/wp-content\/uploads\/2018\/02\/eventopantano-1080x500.jpg 1080w, https:\/\/raval.es\/elx\/wp-content\/uploads\/2018\/02\/eventopantano.jpg 1211w\" sizes=\"auto, (max-width: 300px) 100vw, 300px\" \/><\/p>\n<p>Salida a las 9:00 desde la explanada del Pantano de Elx (al otro lado del merendero)<br \/>\nRecorrido lineal de 13Km (3.30h aprox.) Dificultad moderada<br \/>\n<em>Traed ropa c\u00f3moda, calzado adecuado, agua, almuerzo&#8230; y una linterna para el t\u00fanel<br \/>\n<\/em><strong>Inscripciones en: <a href=\"http:\/\/raval.es\/2018\">raval.es\/2018<\/a><\/strong><\/p>\n<p><strong><\/strong><br \/>\n<strong>M\u00e9s informaci\u00f3 en <a href=\"mailto:info@raval.es\">info@raval.es<\/a>, la p\u00e0gina de <a href=\"http:\/\/raval.es\/elx\/contacto\/\">contacte<\/a> i\/o el telf. <span id=\"et-info-phone\">633 971 670 (+whatsapp)<br \/>\n<a href=\"http:\/\/raval.es\/elx\/senderistes\/\">Consejos para senderistas<\/a><br \/>\n<\/span><\/strong><\/p>\n<p><strong><em>IMPORTANT:\u00a0 <\/em><\/strong><strong><em>Tots\/es els inscrits s\u00f3n afegits a un whatsapp del Grup de Senderisme per estar puntualmente informats de qualsevol canvi en la ruta, hora, lloc de trobada o apla\u00e7ament.\u00a0 <\/em><\/strong><\/p>\n","protected":false},"excerpt":{"rendered":"<p>Salida a las 9:00 desde la explanada del Pantano de Elx (al otro lado del merendero) Recorrido lineal de 13Km (3.30h aprox.) Dificultad moderada Traed ropa c\u00f3moda, calzado adecuado, agua, almuerzo&#8230; y una linterna para el t\u00fanel Inscripciones en: raval.es\/2018 M\u00e9s informaci\u00f3 en info@raval.es, la p\u00e0gina de contacte i\/o el telf. 633 971 670 (+whatsapp) [&hellip;]<\/p>\n","protected":false},"author":1,"featured_media":1930,"comment_status":"open","ping_status":"open","sticky":false,"template":"","format":"standard","meta":{"_et_pb_use_builder":"","_et_pb_old_content":"","_et_gb_content_width":"","_joinchat":[],"footnotes":""},"categories":[91,64,70],"tags":[],"class_list":["post-1929","post","type-post","status-publish","format-standard","has-post-thumbnail","hentry","category-91","category-actividades","category-senderisme"],"_links":{"self":[{"href":"https:\/\/raval.es\/elx\/wp-json\/wp\/v2\/posts\/1929","targetHints":{"allow":["GET"]}}],"collection":[{"href":"https:\/\/raval.es\/elx\/wp-json\/wp\/v2\/posts"}],"about":[{"href":"https:\/\/raval.es\/elx\/wp-json\/wp\/v2\/types\/post"}],"author":[{"embeddable":true,"href":"https:\/\/raval.es\/elx\/wp-json\/wp\/v2\/users\/1"}],"replies":[{"embeddable":true,"href":"https:\/\/raval.es\/elx\/wp-json\/wp\/v2\/comments?post=1929"}],"version-history":[{"count":1,"href":"https:\/\/raval.es\/elx\/wp-json\/wp\/v2\/posts\/1929\/revisions"}],"predecessor-version":[{"id":1932,"href":"https:\/\/raval.es\/elx\/wp-json\/wp\/v2\/posts\/1929\/revisions\/1932"}],"wp:featuredmedia":[{"embeddable":true,"href":"https:\/\/raval.es\/elx\/wp-json\/wp\/v2\/media\/1930"}],"wp:attachment":[{"href":"https:\/\/raval.es\/elx\/wp-json\/wp\/v2\/media?parent=1929"}],"wp:term":[{"taxonomy":"category","embeddable":true,"href":"https:\/\/raval.es\/elx\/wp-json\/wp\/v2\/categories?post=1929"},{"taxonomy":"post_tag","embeddable":true,"href":"https:\/\/raval.es\/elx\/wp-json\/wp\/v2\/tags?post=1929"}],"curies":[{"name":"wp","href":"https:\/\/api.w.org\/{rel}","templated":true}]}}