{"id":1933,"date":"2018-02-19T22:54:09","date_gmt":"2018-02-19T22:54:09","guid":{"rendered":"http:\/\/raval.es\/elx\/?p=1933"},"modified":"2018-02-27T17:22:46","modified_gmt":"2018-02-27T17:22:46","slug":"proyeccion-debate-soberania-alimentaria","status":"publish","type":"post","link":"https:\/\/raval.es\/elx\/proyeccion-debate-soberania-alimentaria\/","title":{"rendered":"Proyecci\u00f3n &#8211; Debate: SOBERAN\u00cdA ALIMENTARIA"},"content":{"rendered":"<div id=\"fb-root\"><\/div>\n<p>[et_pb_section bb_built=\u00bb1&#8243;][et_pb_row][et_pb_column type=\u00bb1_2&#8243;][et_pb_image _builder_version=\u00bb3.0.90&#8243; src=\u00bbhttp:\/\/raval.es\/elx\/wp-content\/uploads\/2018\/02\/john.jpg\u00bb show_in_lightbox=\u00bboff\u00bb url_new_window=\u00bboff\u00bb use_overlay=\u00bboff\u00bb always_center_on_mobile=\u00bbon\u00bb force_fullwidth=\u00bboff\u00bb show_bottom_space=\u00bbon\u00bb \/][\/et_pb_column][et_pb_column type=\u00bb1_2&#8243;][et_pb_text _builder_version=\u00bb3.0.90&#8243; background_layout=\u00bblight\u00bb]<\/p>\n<h4>\u00a0 Proyecci\u00f3n del documental:<\/h4>\n<h4><strong>LAS CALABAZAS<\/strong><strong> GIGANTES DEL GRANJERO JOHN<\/strong><\/h4>\n<p><iframe loading=\"lazy\" src=\"https:\/\/www.youtube.com\/embed\/sqP1SC5Tr7U\" width=\"560\" height=\"315\" frameborder=\"0\"><\/iframe><\/p>\n<p>[\/et_pb_text][et_pb_text _builder_version=\u00bb3.0.90&#8243; background_layout=\u00bblight\u00bb]<\/p>\n<h5>Charla- Debate: <strong>\u00bfQU\u00c9 PODEMOS HACER POR NUESTRA SOBERAN\u00cdA ALIMENTARIA?<\/strong><\/h5>\n<p>A cargo de <strong>Vicent Bordera<\/strong>, Agricultor ecol\u00f3gico y miembro de la <strong><a href=\"https:\/\/soberaniaalimentariaalacant.blogspot.com.es\/\">Plataforma por la Soberan\u00eda Alimentaria de Alicante<\/a><\/strong><\/p>\n<p><img loading=\"lazy\" decoding=\"async\" class=\"alignnone wp-image-1935\" src=\"http:\/\/raval.es\/elx\/wp-content\/uploads\/2018\/02\/Trabajando-e1519081217527-300x197.jpg\" alt=\"\" width=\"150\" height=\"98\" srcset=\"https:\/\/raval.es\/elx\/wp-content\/uploads\/2018\/02\/Trabajando-e1519081217527-300x197.jpg 300w, https:\/\/raval.es\/elx\/wp-content\/uploads\/2018\/02\/Trabajando-e1519081217527-768x503.jpg 768w, https:\/\/raval.es\/elx\/wp-content\/uploads\/2018\/02\/Trabajando-e1519081217527.jpg 957w\" sizes=\"auto, (max-width: 150px) 100vw, 150px\" \/><\/p>\n<p>[\/et_pb_text][\/et_pb_column][\/et_pb_row][et_pb_row][et_pb_column type=\u00bb4_4&#8243;][et_pb_text _builder_version=\u00bb3.0.90&#8243; background_layout=\u00bblight\u00bb]<\/p>\n<p>&nbsp;<\/p>\n<p><strong>Organiza:<\/strong><\/p>\n<p><img loading=\"lazy\" decoding=\"async\" class=\"alignnone wp-image-1940 size-thumbnail\" src=\"http:\/\/raval.es\/elx\/wp-content\/uploads\/2018\/02\/alonis-imag-150x150.jpg\" alt=\"\" width=\"150\" height=\"150\" srcset=\"https:\/\/raval.es\/elx\/wp-content\/uploads\/2018\/02\/alonis-imag-150x150.jpg 150w, https:\/\/raval.es\/elx\/wp-content\/uploads\/2018\/02\/alonis-imag-300x300.jpg 300w, https:\/\/raval.es\/elx\/wp-content\/uploads\/2018\/02\/alonis-imag.jpg 640w\" sizes=\"auto, (max-width: 150px) 100vw, 150px\" \/><img loading=\"lazy\" decoding=\"async\" class=\"alignnone wp-image-1939 size-thumbnail\" src=\"http:\/\/raval.es\/elx\/wp-content\/uploads\/2018\/02\/LogoRaval-1-150x150.jpg\" alt=\"\" width=\"150\" height=\"150\" srcset=\"https:\/\/raval.es\/elx\/wp-content\/uploads\/2018\/02\/LogoRaval-1-150x150.jpg 150w, https:\/\/raval.es\/elx\/wp-content\/uploads\/2018\/02\/LogoRaval-1.jpg 295w\" sizes=\"auto, (max-width: 150px) 100vw, 150px\" \/><\/p>\n<p>[\/et_pb_text][\/et_pb_column][\/et_pb_row][\/et_pb_section]<\/p>\n","protected":false},"excerpt":{"rendered":"<p><div class=\"et_pb_row et_pb_row_0 et_pb_row_empty\">\n\t\t\t\t\n\t\t\t\t\n\t\t\t\t\n\t\t\t\t\n\t\t\t\t\n\t\t\t<\/div> \u00a0 Proyecci\u00f3n del documental: LAS CALABAZAS GIGANTES DEL GRANJERO JOHN Charla- Debate: \u00bfQU\u00c9 PODEMOS HACER POR NUESTRA SOBERAN\u00cdA ALIMENTARIA? A cargo de Vicent Bordera, Agricultor ecol\u00f3gico y miembro de la Plataforma por la Soberan\u00eda Alimentaria de Alicante <div class=\"et_pb_row et_pb_row_1 et_pb_row_empty\">\n\t\t\t\t\n\t\t\t\t\n\t\t\t\t\n\t\t\t\t\n\t\t\t\t\n\t\t\t<\/div> &nbsp; Organiza:<\/p>\n","protected":false},"author":1,"featured_media":1938,"comment_status":"open","ping_status":"open","sticky":false,"template":"","format":"standard","meta":{"_et_pb_use_builder":"on","_et_pb_old_content":"<h4>\u00a0 <img class=\"size-medium wp-image-1941 alignleft\" src=\"http:\/\/raval.es\/elx\/wp-content\/uploads\/2018\/02\/john-212x300.jpg\" alt=\"\" width=\"212\" height=\"300\" \/>Proyecci\u00f3n del documental:<br \/> <strong>LAS CALABAZAS<\/strong><strong> GIGANTES DEL GRANJERO JOHN<\/strong><\/h4><h5>Charla- Debate: <strong>\u00bfQU\u00c9 PODEMOS HACER POR NUESTRA SOBERAN\u00cdA ALIMENTARIA?<\/strong><\/h5><p>A cargo de <strong>Vicent Bordera<\/strong>, Agricultor ecol\u00f3gico y miembro de la <strong><a href=\"https:\/\/soberaniaalimentariaalacant.blogspot.com.es\/\">Plataforma por la Soberan\u00eda Alimentaria de Alicante<\/a><\/strong><\/p><p><img class=\"alignnone wp-image-1935\" src=\"http:\/\/raval.es\/elx\/wp-content\/uploads\/2018\/02\/Trabajando-e1519081217527-300x197.jpg\" alt=\"\" width=\"150\" height=\"98\" \/><\/p><p>Organiza: ALONIS y A.V. RAVAL<\/p><p><img class=\"alignnone wp-image-1939 size-thumbnail\" src=\"http:\/\/raval.es\/elx\/wp-content\/uploads\/2018\/02\/LogoRaval-1-150x150.jpg\" alt=\"\" width=\"150\" height=\"150\" \/><img class=\"alignnone wp-image-1940 size-thumbnail\" src=\"http:\/\/raval.es\/elx\/wp-content\/uploads\/2018\/02\/alonis-imag-150x150.jpg\" alt=\"\" width=\"150\" height=\"150\" \/><\/p>","_et_gb_content_width":"","_joinchat":[],"footnotes":""},"categories":[91,64],"tags":[],"class_list":["post-1933","post","type-post","status-publish","format-standard","has-post-thumbnail","hentry","category-91","category-actividades"],"_links":{"self":[{"href":"https:\/\/raval.es\/elx\/wp-json\/wp\/v2\/posts\/1933","targetHints":{"allow":["GET"]}}],"collection":[{"href":"https:\/\/raval.es\/elx\/wp-json\/wp\/v2\/posts"}],"about":[{"href":"https:\/\/raval.es\/elx\/wp-json\/wp\/v2\/types\/post"}],"author":[{"embeddable":true,"href":"https:\/\/raval.es\/elx\/wp-json\/wp\/v2\/users\/1"}],"replies":[{"embeddable":true,"href":"https:\/\/raval.es\/elx\/wp-json\/wp\/v2\/comments?post=1933"}],"version-history":[{"count":5,"href":"https:\/\/raval.es\/elx\/wp-json\/wp\/v2\/posts\/1933\/revisions"}],"predecessor-version":[{"id":1945,"href":"https:\/\/raval.es\/elx\/wp-json\/wp\/v2\/posts\/1933\/revisions\/1945"}],"wp:featuredmedia":[{"embeddable":true,"href":"https:\/\/raval.es\/elx\/wp-json\/wp\/v2\/media\/1938"}],"wp:attachment":[{"href":"https:\/\/raval.es\/elx\/wp-json\/wp\/v2\/media?parent=1933"}],"wp:term":[{"taxonomy":"category","embeddable":true,"href":"https:\/\/raval.es\/elx\/wp-json\/wp\/v2\/categories?post=1933"},{"taxonomy":"post_tag","embeddable":true,"href":"https:\/\/raval.es\/elx\/wp-json\/wp\/v2\/tags?post=1933"}],"curies":[{"name":"wp","href":"https:\/\/api.w.org\/{rel}","templated":true}]}}