{"id":1955,"date":"2018-03-02T12:23:27","date_gmt":"2018-03-02T12:23:27","guid":{"rendered":"http:\/\/raval.es\/elx\/?p=1955"},"modified":"2018-03-06T07:39:31","modified_gmt":"2018-03-06T07:39:31","slug":"comerc-just-xerrada-i-degustacio-de-productes","status":"publish","type":"post","link":"https:\/\/raval.es\/elx\/comerc-just-xerrada-i-degustacio-de-productes\/","title":{"rendered":"COMER\u00c7 JUST &#8211; Xerrada i degustaci\u00f3 de productes"},"content":{"rendered":"<div id=\"fb-root\"><\/div>\n<p><img loading=\"lazy\" decoding=\"async\" class=\"size-medium wp-image-1962 alignleft\" src=\"http:\/\/raval.es\/elx\/wp-content\/uploads\/2018\/03\/comercio-justo-1-728-1-300x212.jpg\" alt=\"\" width=\"300\" height=\"212\" srcset=\"https:\/\/raval.es\/elx\/wp-content\/uploads\/2018\/03\/comercio-justo-1-728-1-300x212.jpg 300w, https:\/\/raval.es\/elx\/wp-content\/uploads\/2018\/03\/comercio-justo-1-728-1-400x284.jpg 400w, https:\/\/raval.es\/elx\/wp-content\/uploads\/2018\/03\/comercio-justo-1-728-1.jpg 406w\" sizes=\"auto, (max-width: 300px) 100vw, 300px\" \/><img loading=\"lazy\" decoding=\"async\" class=\"alignnone size-medium wp-image-1961\" src=\"http:\/\/raval.es\/elx\/wp-content\/uploads\/2018\/03\/comercio-justo-1-728.jpg\" alt=\"\" width=\"1\" height=\"1\" \/>Al Centre Social del fraval, el dissabte, 3 <a href=\"https:\/\/www.facebook.com\/pg\/Oxfam-Interm%C3%B3n-en-Elche-249778235069484\/about\/?ref=page_internal\"><strong>Intermon OXFAM d&#8217;Elx<\/strong><\/a> oferir\u00e0 una xerrada sobre el <a href=\"https:\/\/tienda.oxfamintermon.org\/\"><strong>Comer\u00e7 Just<\/strong><\/a> arreu del m\u00f3n i, a m\u00e9s, oferir\u00e0 una degustaci\u00f3 d&#8217;aquest productes trets d&#8217;una economia sostenible i solid\u00e0ri.<\/p>\n<p>La xerrada est\u00e0 emmarcada a l&#8217;entorn del Mercat Ecol\u00f2gic Local que cada primer dissabte de mes es desenvolupa a la Pla\u00e7a Major del Raval.<\/p>\n<p>No us ho perdeu. tan la xerrada com el Mercat seran molt interssants &#8230;i nutritius!<\/p>\n<p><img loading=\"lazy\" decoding=\"async\" class=\"size-medium wp-image-1960 aligncenter\" src=\"http:\/\/raval.es\/elx\/wp-content\/uploads\/2018\/03\/OXfam-logo-300x63.png\" alt=\"\" width=\"300\" height=\"63\" srcset=\"https:\/\/raval.es\/elx\/wp-content\/uploads\/2018\/03\/OXfam-logo-300x63.png 300w, https:\/\/raval.es\/elx\/wp-content\/uploads\/2018\/03\/OXfam-logo-768x161.png 768w, https:\/\/raval.es\/elx\/wp-content\/uploads\/2018\/03\/OXfam-logo-1024x214.png 1024w, https:\/\/raval.es\/elx\/wp-content\/uploads\/2018\/03\/OXfam-logo-1080x226.png 1080w\" sizes=\"auto, (max-width: 300px) 100vw, 300px\" \/>A m\u00e9s us recordem que teniu la <a href=\"https:\/\/tienda.oxfamintermon.org\/\">tenda d&#8217;INTERMON<\/a> per ajudar al desenvolupament de l&#8217;econom\u00eda sostenible del anomenat \u00abTercer Mon\u00bb, amb productes fets amb molta cura i respecte pels treballadors i el medi ambient. Col\u00b7laborar amb ells a tu et suposa un petit esfor\u00e7 econ\u00f2mic\u00a0 per\u00f2 per l&#8217;econ\u00f3mia d&#8217;aquests petits productors an\u00f2nims \u00e9s un gran suport<\/p>\n","protected":false},"excerpt":{"rendered":"<p>Al Centre Social del fraval, el dissabte, 3 Intermon OXFAM d&#8217;Elx oferir\u00e0 una xerrada sobre el Comer\u00e7 Just arreu del m\u00f3n i, a m\u00e9s, oferir\u00e0 una degustaci\u00f3 d&#8217;aquest productes trets d&#8217;una economia sostenible i solid\u00e0ri. La xerrada est\u00e0 emmarcada a l&#8217;entorn del Mercat Ecol\u00f2gic Local que cada primer dissabte de mes es desenvolupa a la [&hellip;]<\/p>\n","protected":false},"author":1,"featured_media":1965,"comment_status":"open","ping_status":"open","sticky":false,"template":"","format":"standard","meta":{"_et_pb_use_builder":"","_et_pb_old_content":"","_et_gb_content_width":"","_joinchat":[],"footnotes":""},"categories":[91,64],"tags":[],"class_list":["post-1955","post","type-post","status-publish","format-standard","has-post-thumbnail","hentry","category-91","category-actividades"],"_links":{"self":[{"href":"https:\/\/raval.es\/elx\/wp-json\/wp\/v2\/posts\/1955","targetHints":{"allow":["GET"]}}],"collection":[{"href":"https:\/\/raval.es\/elx\/wp-json\/wp\/v2\/posts"}],"about":[{"href":"https:\/\/raval.es\/elx\/wp-json\/wp\/v2\/types\/post"}],"author":[{"embeddable":true,"href":"https:\/\/raval.es\/elx\/wp-json\/wp\/v2\/users\/1"}],"replies":[{"embeddable":true,"href":"https:\/\/raval.es\/elx\/wp-json\/wp\/v2\/comments?post=1955"}],"version-history":[{"count":3,"href":"https:\/\/raval.es\/elx\/wp-json\/wp\/v2\/posts\/1955\/revisions"}],"predecessor-version":[{"id":1964,"href":"https:\/\/raval.es\/elx\/wp-json\/wp\/v2\/posts\/1955\/revisions\/1964"}],"wp:featuredmedia":[{"embeddable":true,"href":"https:\/\/raval.es\/elx\/wp-json\/wp\/v2\/media\/1965"}],"wp:attachment":[{"href":"https:\/\/raval.es\/elx\/wp-json\/wp\/v2\/media?parent=1955"}],"wp:term":[{"taxonomy":"category","embeddable":true,"href":"https:\/\/raval.es\/elx\/wp-json\/wp\/v2\/categories?post=1955"},{"taxonomy":"post_tag","embeddable":true,"href":"https:\/\/raval.es\/elx\/wp-json\/wp\/v2\/tags?post=1955"}],"curies":[{"name":"wp","href":"https:\/\/api.w.org\/{rel}","templated":true}]}}