{"id":1957,"date":"2018-03-02T12:39:11","date_gmt":"2018-03-02T12:39:11","guid":{"rendered":"http:\/\/raval.es\/elx\/?p=1957"},"modified":"2018-03-06T07:40:04","modified_gmt":"2018-03-06T07:40:04","slug":"avistament-daus-al-dormider-en-panta-visita-guiada-dissabte-3","status":"publish","type":"post","link":"https:\/\/raval.es\/elx\/avistament-daus-al-dormider-en-panta-visita-guiada-dissabte-3\/","title":{"rendered":"Avistament d&#8217;Aus al dormider en Pant\u00e0 &#8211; Visita guiada. Dissabte, 3"},"content":{"rendered":"<div id=\"fb-root\"><\/div>\n<p><img loading=\"lazy\" decoding=\"async\" class=\"size-medium wp-image-1967 alignleft\" src=\"http:\/\/raval.es\/elx\/wp-content\/uploads\/2018\/03\/aus-300x200.jpg\" alt=\"\" width=\"300\" height=\"200\" srcset=\"https:\/\/raval.es\/elx\/wp-content\/uploads\/2018\/03\/aus-300x200.jpg 300w, https:\/\/raval.es\/elx\/wp-content\/uploads\/2018\/03\/aus-768x512.jpg 768w, https:\/\/raval.es\/elx\/wp-content\/uploads\/2018\/03\/aus.jpg 1024w\" sizes=\"auto, (max-width: 300px) 100vw, 300px\" \/>A las 16.30 eixim en cotxes particulars des del Parquing de l&#8217;Estaci\u00f3 d&#8217;Autobusos d&#8217;Elx fins al berenador del Pant\u00e0.<br \/>\nLa visita durar\u00e0 2.30 hores aproximadament i estar\u00e0 condu\u00efda per membres de l&#8217;associaci\u00f3 d&#8217;<strong><a href=\"http:\/\/ahsa.org.es\/\">Amics dels Humedals del Sud d&#8217;Alacant (AHSA)<\/a><\/strong><\/p>\n<p>Heu de portar a\u00efgua, cal\u00e7at adequat per caminar (ser\u00e0n uns 40 minuts) de muntanya o similar i un teleobjectiu o aparell semblant per a llarga visi\u00f3.<\/p>\n<p><strong>Inscribiu-vos en: <a href=\"http:\/\/raval.es\/2018\">www.raval.es\/2018<\/a><\/strong><\/p>\n<p><a href=\"http:\/\/ahsa.org.es\/\"><img loading=\"lazy\" decoding=\"async\" class=\"alignnone  wp-image-1968\" src=\"http:\/\/raval.es\/elx\/wp-content\/uploads\/2018\/03\/AHSA-LINEA-191x300.jpg\" alt=\"\" width=\"110\" height=\"148\" \/><\/a><\/p>\n","protected":false},"excerpt":{"rendered":"<p>A las 16.30 eixim en cotxes particulars des del Parquing de l&#8217;Estaci\u00f3 d&#8217;Autobusos d&#8217;Elx fins al berenador del Pant\u00e0. La visita durar\u00e0 2.30 hores aproximadament i estar\u00e0 condu\u00efda per membres de l&#8217;associaci\u00f3 d&#8217;Amics dels Humedals del Sud d&#8217;Alacant (AHSA) Heu de portar a\u00efgua, cal\u00e7at adequat per caminar (ser\u00e0n uns 40 minuts) de muntanya o similar [&hellip;]<\/p>\n","protected":false},"author":1,"featured_media":1966,"comment_status":"open","ping_status":"open","sticky":false,"template":"","format":"standard","meta":{"_et_pb_use_builder":"","_et_pb_old_content":"","_et_gb_content_width":"","_joinchat":[],"footnotes":""},"categories":[91,64],"tags":[],"class_list":["post-1957","post","type-post","status-publish","format-standard","has-post-thumbnail","hentry","category-91","category-actividades"],"_links":{"self":[{"href":"https:\/\/raval.es\/elx\/wp-json\/wp\/v2\/posts\/1957","targetHints":{"allow":["GET"]}}],"collection":[{"href":"https:\/\/raval.es\/elx\/wp-json\/wp\/v2\/posts"}],"about":[{"href":"https:\/\/raval.es\/elx\/wp-json\/wp\/v2\/types\/post"}],"author":[{"embeddable":true,"href":"https:\/\/raval.es\/elx\/wp-json\/wp\/v2\/users\/1"}],"replies":[{"embeddable":true,"href":"https:\/\/raval.es\/elx\/wp-json\/wp\/v2\/comments?post=1957"}],"version-history":[{"count":3,"href":"https:\/\/raval.es\/elx\/wp-json\/wp\/v2\/posts\/1957\/revisions"}],"predecessor-version":[{"id":1969,"href":"https:\/\/raval.es\/elx\/wp-json\/wp\/v2\/posts\/1957\/revisions\/1969"}],"wp:featuredmedia":[{"embeddable":true,"href":"https:\/\/raval.es\/elx\/wp-json\/wp\/v2\/media\/1966"}],"wp:attachment":[{"href":"https:\/\/raval.es\/elx\/wp-json\/wp\/v2\/media?parent=1957"}],"wp:term":[{"taxonomy":"category","embeddable":true,"href":"https:\/\/raval.es\/elx\/wp-json\/wp\/v2\/categories?post=1957"},{"taxonomy":"post_tag","embeddable":true,"href":"https:\/\/raval.es\/elx\/wp-json\/wp\/v2\/tags?post=1957"}],"curies":[{"name":"wp","href":"https:\/\/api.w.org\/{rel}","templated":true}]}}