{"id":1985,"date":"2018-03-09T18:33:48","date_gmt":"2018-03-09T18:33:48","guid":{"rendered":"http:\/\/raval.es\/elx\/?p=1985"},"modified":"2018-03-14T21:13:01","modified_gmt":"2018-03-14T21:13:01","slug":"els-jardins-de-laljub-visita-guiada","status":"publish","type":"post","link":"https:\/\/raval.es\/elx\/els-jardins-de-laljub-visita-guiada\/","title":{"rendered":"ELS JARDINS DE L&#8217;ALJUB (visita guiada)"},"content":{"rendered":"<div id=\"fb-root\"><\/div>\n<p><img loading=\"lazy\" decoding=\"async\" class=\"size-medium wp-image-1986 alignleft\" src=\"http:\/\/raval.es\/elx\/wp-content\/uploads\/2018\/03\/jardinsaljub-300x150.jpg\" alt=\"\" width=\"300\" height=\"150\" srcset=\"https:\/\/raval.es\/elx\/wp-content\/uploads\/2018\/03\/jardinsaljub-300x150.jpg 300w, https:\/\/raval.es\/elx\/wp-content\/uploads\/2018\/03\/jardinsaljub-768x384.jpg 768w, https:\/\/raval.es\/elx\/wp-content\/uploads\/2018\/03\/jardinsaljub-1024x512.jpg 1024w, https:\/\/raval.es\/elx\/wp-content\/uploads\/2018\/03\/jardinsaljub-1080x540.jpg 1080w, https:\/\/raval.es\/elx\/wp-content\/uploads\/2018\/03\/jardinsaljub.jpg 1181w\" sizes=\"auto, (max-width: 300px) 100vw, 300px\" \/><em><strong>Observaci\u00f3 i aprenentatge sobre les plantes aut\u00f3ctones i arom\u00e0tiques.<\/strong><\/em><\/p>\n<p>Eixida: 9,15h des de la porta del Cementeri Vell Duraci\u00f3: 2,30 h.<br \/>\nPorteu roba i cal\u00e7at adeq\u00fcat, aigua i esmorzar.<\/p>\n<p>Col\u00b7labora\u00a0<img loading=\"lazy\" decoding=\"async\" class=\"alignnone  wp-image-1995\" style=\"line-height: 23.8px;\" src=\"http:\/\/raval.es\/elx\/wp-content\/uploads\/2018\/03\/LogoCooperativa500px-300x80.jpg\" alt=\"\" width=\"113\" height=\"25\" \/><\/p>\n<p><strong>Inscripci\u00f3: <\/strong><a href=\"http:\/\/raval.es\/2018\"><strong>raval.es\/2018<\/strong><\/a><\/p>\n","protected":false},"excerpt":{"rendered":"<p>Observaci\u00f3 i aprenentatge sobre les plantes aut\u00f3ctones i arom\u00e0tiques. Eixida: 9,15h des de la porta del Cementeri Vell Duraci\u00f3: 2,30 h. Porteu roba i cal\u00e7at adeq\u00fcat, aigua i esmorzar. Col\u00b7labora\u00a0 Inscripci\u00f3: raval.es\/2018<\/p>\n","protected":false},"author":1,"featured_media":1993,"comment_status":"open","ping_status":"open","sticky":false,"template":"","format":"standard","meta":{"_et_pb_use_builder":"","_et_pb_old_content":"","_et_gb_content_width":"","_joinchat":[],"footnotes":""},"categories":[91,64],"tags":[],"class_list":["post-1985","post","type-post","status-publish","format-standard","has-post-thumbnail","hentry","category-91","category-actividades"],"_links":{"self":[{"href":"https:\/\/raval.es\/elx\/wp-json\/wp\/v2\/posts\/1985","targetHints":{"allow":["GET"]}}],"collection":[{"href":"https:\/\/raval.es\/elx\/wp-json\/wp\/v2\/posts"}],"about":[{"href":"https:\/\/raval.es\/elx\/wp-json\/wp\/v2\/types\/post"}],"author":[{"embeddable":true,"href":"https:\/\/raval.es\/elx\/wp-json\/wp\/v2\/users\/1"}],"replies":[{"embeddable":true,"href":"https:\/\/raval.es\/elx\/wp-json\/wp\/v2\/comments?post=1985"}],"version-history":[{"count":3,"href":"https:\/\/raval.es\/elx\/wp-json\/wp\/v2\/posts\/1985\/revisions"}],"predecessor-version":[{"id":1996,"href":"https:\/\/raval.es\/elx\/wp-json\/wp\/v2\/posts\/1985\/revisions\/1996"}],"wp:featuredmedia":[{"embeddable":true,"href":"https:\/\/raval.es\/elx\/wp-json\/wp\/v2\/media\/1993"}],"wp:attachment":[{"href":"https:\/\/raval.es\/elx\/wp-json\/wp\/v2\/media?parent=1985"}],"wp:term":[{"taxonomy":"category","embeddable":true,"href":"https:\/\/raval.es\/elx\/wp-json\/wp\/v2\/categories?post=1985"},{"taxonomy":"post_tag","embeddable":true,"href":"https:\/\/raval.es\/elx\/wp-json\/wp\/v2\/tags?post=1985"}],"curies":[{"name":"wp","href":"https:\/\/api.w.org\/{rel}","templated":true}]}}