{"id":1997,"date":"2018-03-14T21:14:54","date_gmt":"2018-03-14T21:14:54","guid":{"rendered":"http:\/\/raval.es\/elx\/?p=1997"},"modified":"2018-04-22T22:30:40","modified_gmt":"2018-04-22T22:30:40","slug":"taller-de-biodanza-20m","status":"publish","type":"post","link":"https:\/\/raval.es\/elx\/taller-de-biodanza-20m\/","title":{"rendered":"Taller de BIODANZA (24 de Abril)"},"content":{"rendered":"<div id=\"fb-root\"><\/div>\n<p><img loading=\"lazy\" decoding=\"async\" class=\"alignleft wp-image-1763 \" src=\"http:\/\/raval.es\/elx\/wp-content\/uploads\/2017\/11\/danzavida-1-300x75.jpg\" alt=\"\" width=\"367\" height=\"109\" \/><strong>CENTRE SOCIAL (Pla\u00e7a Major del Raval)<\/strong><br \/>\n<strong>Dimarts, 24 &#8211; 20:00h.<\/strong><\/p>\n<p>&nbsp;<\/p>\n<p><img loading=\"lazy\" decoding=\"async\" class=\"wp-image-1764 alignleft\" src=\"http:\/\/raval.es\/elx\/wp-content\/uploads\/2017\/11\/noelia.jpg\" alt=\"\" width=\"109\" height=\"116\" \/>a c\u00e0rrec de: <strong>G. Noelia Alonso<\/strong>, Psic\u00f3loga, Terapeuta y Facilitadora de Biodanza SRT<\/p>\n<p><span style=\"color: #800080;\"><strong><em>A trav\u00e9s de la m\u00fasica, <\/em><\/strong><\/span><span style=\"color: #800080;\"><strong><em>el movimiento y el grupo, rescataremos la sabidur\u00eda <\/em><\/strong><\/span><span style=\"color: #800080;\"><strong><em>que habita en t\u00ed.<br \/>\n<\/em><\/strong><\/span><span style=\"color: #800080;\"><strong><em>No es necesario saber bailar, s\u00f3lo tener ganas de disfrutar\u00a0 <\/em><\/strong><\/span><span style=\"color: #800080;\"><strong><em>y pasarlo bien. <\/em><\/strong><\/span><br \/>\n<span style=\"color: #800080;\"><strong><em>Trae ropa c\u00f3moda.<\/em><\/strong><\/span><\/p>\n<p>Inscripci\u00f3 gratu\u00efta i reserva: <strong>639 024 722<\/strong> <a href=\"http:\/\/raval.es\/nov17\"><strong><br \/>\n<\/strong><\/a><strong>M\u00e9s informaci\u00f3 en <a href=\"mailto:info@raval.es\">info@raval.es<\/a>, la p\u00e0gina de <a href=\"http:\/\/raval.es\/elx\/contacto\/\">contacte<\/a> i\/o el telf. <span id=\"et-info-phone\">633 971 670 (+whatsapp)<\/span><\/strong><\/p>\n","protected":false},"excerpt":{"rendered":"<p>CENTRE SOCIAL (Pla\u00e7a Major del Raval) Dimarts, 24 &#8211; 20:00h. &nbsp; a c\u00e0rrec de: G. Noelia Alonso, Psic\u00f3loga, Terapeuta y Facilitadora de Biodanza SRT A trav\u00e9s de la m\u00fasica, el movimiento y el grupo, rescataremos la sabidur\u00eda que habita en t\u00ed. No es necesario saber bailar, s\u00f3lo tener ganas de disfrutar\u00a0 y pasarlo bien. Trae [&hellip;]<\/p>\n","protected":false},"author":1,"featured_media":1765,"comment_status":"open","ping_status":"open","sticky":false,"template":"","format":"standard","meta":{"_et_pb_use_builder":"","_et_pb_old_content":"","_et_gb_content_width":"","_joinchat":[],"footnotes":""},"categories":[91,64],"tags":[],"class_list":["post-1997","post","type-post","status-publish","format-standard","has-post-thumbnail","hentry","category-91","category-actividades"],"_links":{"self":[{"href":"https:\/\/raval.es\/elx\/wp-json\/wp\/v2\/posts\/1997","targetHints":{"allow":["GET"]}}],"collection":[{"href":"https:\/\/raval.es\/elx\/wp-json\/wp\/v2\/posts"}],"about":[{"href":"https:\/\/raval.es\/elx\/wp-json\/wp\/v2\/types\/post"}],"author":[{"embeddable":true,"href":"https:\/\/raval.es\/elx\/wp-json\/wp\/v2\/users\/1"}],"replies":[{"embeddable":true,"href":"https:\/\/raval.es\/elx\/wp-json\/wp\/v2\/comments?post=1997"}],"version-history":[{"count":3,"href":"https:\/\/raval.es\/elx\/wp-json\/wp\/v2\/posts\/1997\/revisions"}],"predecessor-version":[{"id":2124,"href":"https:\/\/raval.es\/elx\/wp-json\/wp\/v2\/posts\/1997\/revisions\/2124"}],"wp:featuredmedia":[{"embeddable":true,"href":"https:\/\/raval.es\/elx\/wp-json\/wp\/v2\/media\/1765"}],"wp:attachment":[{"href":"https:\/\/raval.es\/elx\/wp-json\/wp\/v2\/media?parent=1997"}],"wp:term":[{"taxonomy":"category","embeddable":true,"href":"https:\/\/raval.es\/elx\/wp-json\/wp\/v2\/categories?post=1997"},{"taxonomy":"post_tag","embeddable":true,"href":"https:\/\/raval.es\/elx\/wp-json\/wp\/v2\/tags?post=1997"}],"curies":[{"name":"wp","href":"https:\/\/api.w.org\/{rel}","templated":true}]}}