{"id":2002,"date":"2018-03-13T23:10:10","date_gmt":"2018-03-13T23:10:10","guid":{"rendered":"http:\/\/raval.es\/elx\/?p=2002"},"modified":"2018-04-23T22:12:11","modified_gmt":"2018-04-23T22:12:11","slug":"cua-panta-2","status":"publish","type":"post","link":"https:\/\/raval.es\/elx\/cua-panta-2\/","title":{"rendered":"Senderisme: Pujada a Orito &#8211; Diumenge, 25"},"content":{"rendered":"<div id=\"fb-root\"><\/div>\n<p><img loading=\"lazy\" decoding=\"async\" class=\"size-medium wp-image-2004 alignleft\" src=\"http:\/\/raval.es\/elx\/wp-content\/uploads\/2018\/03\/rutaorito-1-300x157.jpg\" alt=\"\" width=\"300\" height=\"157\" srcset=\"https:\/\/raval.es\/elx\/wp-content\/uploads\/2018\/03\/rutaorito-1-300x157.jpg 300w, https:\/\/raval.es\/elx\/wp-content\/uploads\/2018\/03\/rutaorito-1-768x402.jpg 768w, https:\/\/raval.es\/elx\/wp-content\/uploads\/2018\/03\/rutaorito-1-1024x536.jpg 1024w, https:\/\/raval.es\/elx\/wp-content\/uploads\/2018\/03\/rutaorito-1-1080x565.jpg 1080w, https:\/\/raval.es\/elx\/wp-content\/uploads\/2018\/03\/rutaorito-1.jpg 1200w\" sizes=\"auto, (max-width: 300px) 100vw, 300px\" \/><\/p>\n<p>Eixida a las 9:00 des de l&#8217;Estaci\u00f3 d&#8217;Autobusos d&#8217;Elx (en cotxes particulars)<br \/>\nRecorregut circular de 9Km (3.30h aprox.) Dificultat: f\u00e0cil<br \/>\nRecordeu portar:<br \/>\n&#8211; Roba c\u00f2moda<br \/>\n&#8211; Cal\u00e7at adeq\u00fcat<br \/>\n&#8211; Aigua<br \/>\n&#8211; Esmorzar<\/p>\n<p>\u2026i llegueix aquests <strong><a href=\"http:\/\/raval.es\/elx\/senderistes\/\">CONSELLS PER SENDERISTES<\/a><\/strong><\/p>\n<p><strong>Inscripci\u00f3 gratu\u00efta en: <\/strong><a href=\"http:\/\/raval.es\/nov17\"><strong>raval.es\/2018<br \/>\n<\/strong><\/a><strong>M\u00e9s informaci\u00f3 en <a href=\"mailto:info@raval.es\">info@raval.es<\/a>, la p\u00e0gina de <a href=\"http:\/\/raval.es\/elx\/contacto\/\">contacte<\/a> i\/o el telf. <span id=\"et-info-phone\">633 971 670 (+whatsapp)<\/span><\/strong><\/p>\n<p><strong><em>IMPORTANT:\u00a0 <\/em><\/strong><strong><em>Tots\/es els inscrits s\u00f3n afegits a un whatsapp del Grup de Senderisme per estar puntualmente informats de qualsevol canvi en la ruta, hora, lloc de trobada o apla\u00e7ament.\u00a0 <\/em><\/strong><\/p>\n","protected":false},"excerpt":{"rendered":"<p>Eixida a las 9:00 des de l&#8217;Estaci\u00f3 d&#8217;Autobusos d&#8217;Elx (en cotxes particulars) Recorregut circular de 9Km (3.30h aprox.) Dificultat: f\u00e0cil Recordeu portar: &#8211; Roba c\u00f2moda &#8211; Cal\u00e7at adeq\u00fcat &#8211; Aigua &#8211; Esmorzar \u2026i llegueix aquests CONSELLS PER SENDERISTES Inscripci\u00f3 gratu\u00efta en: raval.es\/2018 M\u00e9s informaci\u00f3 en info@raval.es, la p\u00e0gina de contacte i\/o el telf. 633 971 [&hellip;]<\/p>\n","protected":false},"author":1,"featured_media":2005,"comment_status":"open","ping_status":"open","sticky":false,"template":"","format":"standard","meta":{"_et_pb_use_builder":"","_et_pb_old_content":"","_et_gb_content_width":"","_joinchat":[],"footnotes":""},"categories":[91,64,70],"tags":[],"class_list":["post-2002","post","type-post","status-publish","format-standard","has-post-thumbnail","hentry","category-91","category-actividades","category-senderisme"],"_links":{"self":[{"href":"https:\/\/raval.es\/elx\/wp-json\/wp\/v2\/posts\/2002","targetHints":{"allow":["GET"]}}],"collection":[{"href":"https:\/\/raval.es\/elx\/wp-json\/wp\/v2\/posts"}],"about":[{"href":"https:\/\/raval.es\/elx\/wp-json\/wp\/v2\/types\/post"}],"author":[{"embeddable":true,"href":"https:\/\/raval.es\/elx\/wp-json\/wp\/v2\/users\/1"}],"replies":[{"embeddable":true,"href":"https:\/\/raval.es\/elx\/wp-json\/wp\/v2\/comments?post=2002"}],"version-history":[{"count":3,"href":"https:\/\/raval.es\/elx\/wp-json\/wp\/v2\/posts\/2002\/revisions"}],"predecessor-version":[{"id":2008,"href":"https:\/\/raval.es\/elx\/wp-json\/wp\/v2\/posts\/2002\/revisions\/2008"}],"wp:featuredmedia":[{"embeddable":true,"href":"https:\/\/raval.es\/elx\/wp-json\/wp\/v2\/media\/2005"}],"wp:attachment":[{"href":"https:\/\/raval.es\/elx\/wp-json\/wp\/v2\/media?parent=2002"}],"wp:term":[{"taxonomy":"category","embeddable":true,"href":"https:\/\/raval.es\/elx\/wp-json\/wp\/v2\/categories?post=2002"},{"taxonomy":"post_tag","embeddable":true,"href":"https:\/\/raval.es\/elx\/wp-json\/wp\/v2\/tags?post=2002"}],"curies":[{"name":"wp","href":"https:\/\/api.w.org\/{rel}","templated":true}]}}