{"id":2015,"date":"2018-04-08T21:44:20","date_gmt":"2018-04-08T21:44:20","guid":{"rendered":"http:\/\/raval.es\/elx\/?p=2015"},"modified":"2018-04-18T12:02:10","modified_gmt":"2018-04-18T12:02:10","slug":"mesa-redonda-movilidad-al-raval","status":"publish","type":"post","link":"https:\/\/raval.es\/elx\/mesa-redonda-movilidad-al-raval\/","title":{"rendered":"Mesa Redonda: MOVILIDAD AL RAVAL"},"content":{"rendered":"<div id=\"fb-root\"><\/div>\n<p><img loading=\"lazy\" decoding=\"async\" class=\"alignleft wp-image-2017 size-large\" src=\"http:\/\/raval.es\/elx\/wp-content\/uploads\/2018\/04\/PeatonalizacionCorredora-1024x529.jpg\" alt=\"\" width=\"1024\" height=\"529\" srcset=\"https:\/\/raval.es\/elx\/wp-content\/uploads\/2018\/04\/PeatonalizacionCorredora-1024x529.jpg 1024w, https:\/\/raval.es\/elx\/wp-content\/uploads\/2018\/04\/PeatonalizacionCorredora-300x155.jpg 300w, https:\/\/raval.es\/elx\/wp-content\/uploads\/2018\/04\/PeatonalizacionCorredora-768x397.jpg 768w, https:\/\/raval.es\/elx\/wp-content\/uploads\/2018\/04\/PeatonalizacionCorredora-1080x558.jpg 1080w, https:\/\/raval.es\/elx\/wp-content\/uploads\/2018\/04\/PeatonalizacionCorredora.jpg 1129w\" sizes=\"auto, (max-width: 1024px) 100vw, 1024px\" \/>Mesa redonda para conocer y opinar sobre las repercusiones que tendr\u00e1 la peatonalizaci\u00f3n de la calle Corredora en el barrio del Raval<\/p>\n<p>19:30h. Centro Social del Raval (Pla\u00e7a Major del Raval)<\/p>\n<p>Conoce m\u00e1s sobre el tema:<\/p>\n<p><strong><a href=\"http:\/\/www.raval.es\/dox\/PeatonalitzacioCorredora.pdf\">&#8211; INFORME MUNICIPAL: \u00abEstudio de priorizaci\u00f3n peatonal en la calle Corredora<\/a><\/strong><\/p>\n","protected":false},"excerpt":{"rendered":"<p>Mesa redonda para conocer y opinar sobre las repercusiones que tendr\u00e1 la peatonalizaci\u00f3n de la calle Corredora en el barrio del Raval 19:30h. Centro Social del Raval (Pla\u00e7a Major del Raval) Conoce m\u00e1s sobre el tema: &#8211; INFORME MUNICIPAL: \u00abEstudio de priorizaci\u00f3n peatonal en la calle Corredora<\/p>\n","protected":false},"author":1,"featured_media":2019,"comment_status":"open","ping_status":"open","sticky":false,"template":"","format":"standard","meta":{"_et_pb_use_builder":"","_et_pb_old_content":"","_et_gb_content_width":"","_joinchat":[],"footnotes":""},"categories":[91,64],"tags":[],"class_list":["post-2015","post","type-post","status-publish","format-standard","has-post-thumbnail","hentry","category-91","category-actividades"],"_links":{"self":[{"href":"https:\/\/raval.es\/elx\/wp-json\/wp\/v2\/posts\/2015","targetHints":{"allow":["GET"]}}],"collection":[{"href":"https:\/\/raval.es\/elx\/wp-json\/wp\/v2\/posts"}],"about":[{"href":"https:\/\/raval.es\/elx\/wp-json\/wp\/v2\/types\/post"}],"author":[{"embeddable":true,"href":"https:\/\/raval.es\/elx\/wp-json\/wp\/v2\/users\/1"}],"replies":[{"embeddable":true,"href":"https:\/\/raval.es\/elx\/wp-json\/wp\/v2\/comments?post=2015"}],"version-history":[{"count":5,"href":"https:\/\/raval.es\/elx\/wp-json\/wp\/v2\/posts\/2015\/revisions"}],"predecessor-version":[{"id":2046,"href":"https:\/\/raval.es\/elx\/wp-json\/wp\/v2\/posts\/2015\/revisions\/2046"}],"wp:featuredmedia":[{"embeddable":true,"href":"https:\/\/raval.es\/elx\/wp-json\/wp\/v2\/media\/2019"}],"wp:attachment":[{"href":"https:\/\/raval.es\/elx\/wp-json\/wp\/v2\/media?parent=2015"}],"wp:term":[{"taxonomy":"category","embeddable":true,"href":"https:\/\/raval.es\/elx\/wp-json\/wp\/v2\/categories?post=2015"},{"taxonomy":"post_tag","embeddable":true,"href":"https:\/\/raval.es\/elx\/wp-json\/wp\/v2\/tags?post=2015"}],"curies":[{"name":"wp","href":"https:\/\/api.w.org\/{rel}","templated":true}]}}