{"id":2082,"date":"2018-04-17T19:28:45","date_gmt":"2018-04-17T19:28:45","guid":{"rendered":"http:\/\/raval.es\/elx\/?p=2082"},"modified":"2018-04-22T22:31:34","modified_gmt":"2018-04-22T22:31:34","slug":"visita-al-museu-paleontologico-de-elx-mupe","status":"publish","type":"post","link":"https:\/\/raval.es\/elx\/visita-al-museu-paleontologico-de-elx-mupe\/","title":{"rendered":"Visita al MUSEU PALEONTOL\u00d3GIC D&#8217;ELX (MUPE)"},"content":{"rendered":"<div id=\"fb-root\"><\/div>\n<p>[et_pb_section bb_built=\u00bb1&#8243;][et_pb_row][et_pb_column type=\u00bb1_2&#8243;][et_pb_image _builder_version=\u00bb3.0.90&#8243; src=\u00bbhttp:\/\/raval.es\/elx\/wp-content\/uploads\/2018\/04\/MUPE-seu.jpg\u00bb show_in_lightbox=\u00bboff\u00bb url_new_window=\u00bboff\u00bb use_overlay=\u00bboff\u00bb always_center_on_mobile=\u00bbon\u00bb force_fullwidth=\u00bboff\u00bb show_bottom_space=\u00bbon\u00bb \/][et_pb_image _builder_version=\u00bb3.0.90&#8243; src=\u00bbhttp:\/\/raval.es\/elx\/wp-content\/uploads\/2018\/04\/mupedins.jpg\u00bb show_in_lightbox=\u00bboff\u00bb url_new_window=\u00bboff\u00bb use_overlay=\u00bboff\u00bb always_center_on_mobile=\u00bbon\u00bb force_fullwidth=\u00bboff\u00bb show_bottom_space=\u00bbon\u00bb \/][\/et_pb_column][et_pb_column type=\u00bb1_2&#8243;][et_pb_text _builder_version=\u00bb3.0.90&#8243; background_layout=\u00bblight\u00bb]<\/p>\n<p>Con motivo de la conmemoraci\u00f3n del <a href=\"https:\/\/es.wikipedia.org\/wiki\/D%C3%ADa_de_la_Tierra\">D\u00eda Mundial de la Tierra<\/a>, el SABADO, 21 de Abril, a las 11 de la ma\u00f1ana, la Asociaci\u00f3n Vecinal Raval y la Fundaci\u00f3n Cidaris han programado una visita guiada al <a href=\"http:\/\/www.cidarismpe.org\/MUPE\/Bienvenida.html\">MUPE, el Museo Paleontol\u00f3gico ilicitano,<\/a> ubicado en la Pla\u00e7a de Sant Joan.<\/p>\n<p>Como el aforo es limitado es importante que si te\/os interesa realiceis cuanto antes la reserva de plaza (gratuita) en raval.es\/2018<\/p>\n<p>Os esperamos,<\/p>\n<p><img loading=\"lazy\" decoding=\"async\" class=\"alignnone size-medium wp-image-2090\" src=\"http:\/\/raval.es\/elx\/wp-content\/uploads\/2018\/04\/CIDARIS-MUPE-300x72.png\" alt=\"\" width=\"300\" height=\"72\" srcset=\"https:\/\/raval.es\/elx\/wp-content\/uploads\/2018\/04\/CIDARIS-MUPE-300x72.png 300w, https:\/\/raval.es\/elx\/wp-content\/uploads\/2018\/04\/CIDARIS-MUPE-768x184.png 768w, https:\/\/raval.es\/elx\/wp-content\/uploads\/2018\/04\/CIDARIS-MUPE-1024x246.png 1024w, https:\/\/raval.es\/elx\/wp-content\/uploads\/2018\/04\/CIDARIS-MUPE-1080x259.png 1080w, https:\/\/raval.es\/elx\/wp-content\/uploads\/2018\/04\/CIDARIS-MUPE.png 1155w\" sizes=\"auto, (max-width: 300px) 100vw, 300px\" \/><img loading=\"lazy\" decoding=\"async\" class=\"alignnone wp-image-1939\" src=\"http:\/\/raval.es\/elx\/wp-content\/uploads\/2018\/02\/LogoRaval-1-150x150.jpg\" alt=\"\" width=\"100\" height=\"100\" srcset=\"https:\/\/raval.es\/elx\/wp-content\/uploads\/2018\/02\/LogoRaval-1-150x150.jpg 150w, https:\/\/raval.es\/elx\/wp-content\/uploads\/2018\/02\/LogoRaval-1.jpg 295w\" sizes=\"auto, (max-width: 100px) 100vw, 100px\" \/><\/p>\n<p>[\/et_pb_text][\/et_pb_column][\/et_pb_row][\/et_pb_section]<\/p>\n","protected":false},"excerpt":{"rendered":"<p><div class=\"et_pb_row et_pb_row_0 et_pb_row_empty\">\n\t\t\t\t\n\t\t\t\t\n\t\t\t\t\n\t\t\t\t\n\t\t\t\t\n\t\t\t<\/div> Con motivo de la conmemoraci\u00f3n del D\u00eda Mundial de la Tierra, el SABADO, 21 de Abril, a las 11 de la ma\u00f1ana, la Asociaci\u00f3n Vecinal Raval y la Fundaci\u00f3n Cidaris han programado una visita guiada al MUPE, el Museo Paleontol\u00f3gico ilicitano, ubicado en la Pla\u00e7a de Sant Joan. Como el aforo es limitado es [&hellip;]<\/p>\n","protected":false},"author":1,"featured_media":2086,"comment_status":"open","ping_status":"open","sticky":false,"template":"","format":"standard","meta":{"_et_pb_use_builder":"on","_et_pb_old_content":"<p>Con motivo de la conmemoraci\u00f3n del <a href=\"https:\/\/es.wikipedia.org\/wiki\/D%C3%ADa_de_la_Tierra\">D\u00eda Mundial de la Tierra<\/a>, la Asociaci\u00f3n Vecinal Raval y la Fundaci\u00f3n Cidaris han programado una visita guiada al MUPE, el Museo Paleontol\u00f3gico ilicitano, ubicado en la Pla\u00e7a de Sant Joan.<\/p><p>Como el aforo es limitado es importante que si te\/os interesa realiceis cuanto antes la reserva de plaza (gratuita) en raval.es\/2018<\/p><p>Os esperamos,<\/p>","_et_gb_content_width":"","_joinchat":[],"footnotes":""},"categories":[91,64],"tags":[],"class_list":["post-2082","post","type-post","status-publish","format-standard","has-post-thumbnail","hentry","category-91","category-actividades"],"_links":{"self":[{"href":"https:\/\/raval.es\/elx\/wp-json\/wp\/v2\/posts\/2082","targetHints":{"allow":["GET"]}}],"collection":[{"href":"https:\/\/raval.es\/elx\/wp-json\/wp\/v2\/posts"}],"about":[{"href":"https:\/\/raval.es\/elx\/wp-json\/wp\/v2\/types\/post"}],"author":[{"embeddable":true,"href":"https:\/\/raval.es\/elx\/wp-json\/wp\/v2\/users\/1"}],"replies":[{"embeddable":true,"href":"https:\/\/raval.es\/elx\/wp-json\/wp\/v2\/comments?post=2082"}],"version-history":[{"count":6,"href":"https:\/\/raval.es\/elx\/wp-json\/wp\/v2\/posts\/2082\/revisions"}],"predecessor-version":[{"id":2093,"href":"https:\/\/raval.es\/elx\/wp-json\/wp\/v2\/posts\/2082\/revisions\/2093"}],"wp:featuredmedia":[{"embeddable":true,"href":"https:\/\/raval.es\/elx\/wp-json\/wp\/v2\/media\/2086"}],"wp:attachment":[{"href":"https:\/\/raval.es\/elx\/wp-json\/wp\/v2\/media?parent=2082"}],"wp:term":[{"taxonomy":"category","embeddable":true,"href":"https:\/\/raval.es\/elx\/wp-json\/wp\/v2\/categories?post=2082"},{"taxonomy":"post_tag","embeddable":true,"href":"https:\/\/raval.es\/elx\/wp-json\/wp\/v2\/tags?post=2082"}],"curies":[{"name":"wp","href":"https:\/\/api.w.org\/{rel}","templated":true}]}}