{"id":2106,"date":"2018-04-18T12:33:45","date_gmt":"2018-04-18T12:33:45","guid":{"rendered":"http:\/\/raval.es\/elx\/?p=2106"},"modified":"2020-11-01T19:17:35","modified_gmt":"2020-11-01T19:17:35","slug":"tuyyo-sofia","status":"publish","type":"post","link":"https:\/\/raval.es\/elx\/tuyyo-sofia\/","title":{"rendered":"Tu y yo por siempre (Sof\u00eda Marim\u00f3n)"},"content":{"rendered":"<div id=\"fb-root\"><\/div>\n<p>Un d\u00eda como cualquier otro, Sof\u00eda salia a pasear por su barrio, el Raval, cuando pas\u00f3 cerca de la casa de su abuela se dio cuenta de que hab\u00eda un nuevo chico en el barrio, Sof\u00eda como era muy extrovertida fue a saludarlo, el chico se llamaba Javier, ella se enamor\u00f3 perdidamente de \u00e9l, fue amor a primera vista, y por casualidad iban al mismo instituto.<\/p>\n<p>Al d\u00eda siguiente Sof\u00eda fue a recoger a Javier en el mismo sitio donde se hab\u00edan conocido y juntos se fueron caminando hasta el instituto, durante el patio hablaron y se conocieron mejor, ten\u00edan los mismos gustos, eran almas gemelas.<\/p>\n<p>Sof\u00eda todos los d\u00edas iba a recoger a Javier al mismo sitio, pero un d\u00eda Javier no se present\u00f3, Sof\u00eda estaba muy preocupada, fue corriendo a casa de Javier a ver si le hab\u00eda pasado algo o estaba enfermo, cuando fue a casa de Javier solo estaba su madre que sal\u00eda de camino al trabajo, su madre le dijo que Javier estaba acompa\u00f1ando a su hermana al colegio, Sof\u00eda se tranquiliz\u00f3 y fue corriendo al instituto porque llegaba tarde.<\/p>\n<p>Pasaron varias semanas y como otro cualquier d\u00eda Sof\u00eda esperaba a Javier en el mismo lugar de siempre, Javier no apareci\u00f3, Sof\u00eda no se asust\u00f3 porque pensaba que hab\u00eda acompa\u00f1ado a su hermana al colegio otra vez, y se fue sola al instituto. En el instituto en la hora del patio vio a Javier, pero lo vio con otra chica, Sof\u00eda se puso muy nerviosa, no<br \/>\nsab\u00eda porque Javier estaba con esa chica, ni quien era esa chica.<\/p>\n<p>Por la tarde Sof\u00eda le mand\u00f3 un mensaje a Javier diciendo que quedaban al d\u00eda siguiente en la plaza mayor del Raval con el prop\u00f3sito de hablar. Al d\u00eda siguiente se encontraron en la plaza mayor del Raval y comenzaron a hablar de la chica con la que estaba Javier el d\u00eda anterior, Javier le dijo que era su prima que acababa de mudarse al Raval, Sof\u00eda se sinti\u00f3 muy avergonzada por pensar mal de Javier, Sof\u00eda sin pens\u00e1rselo mucho bes\u00f3 a Javier, Javier no se apart\u00f3, despu\u00e9s del beso se despidieron y cada uno se fue para su casa.<\/p>\n<p>Pas\u00f3 una semana y un domingo quedaron enfrente de la puerta de la casa de Javier, Sof\u00eda le dijo que ella estaba enamorada de \u00e9l desde el primer momento que lo vio, que sent\u00eda mariposas en el estomago, Sof\u00eda sent\u00eda sensaciones que nunca en la vida hab\u00eda sentido, Javier se qued\u00f3 anonadado de la confesi\u00f3n tan grande que le estaba haciendo<br \/>\nSof\u00eda, Javier en el fondo tambi\u00e9n estaba enamorado de Sof\u00eda, Javier le dijo que si ella quer\u00eda ser su novia, Sof\u00eda sin pensarlo le dijo que si.<\/p>\n<p>Pasaron los a\u00f1os, llego el d\u00eda de la graduaci\u00f3n, ya hab\u00edan terminado bachillerato, Sof\u00eda le dijo a Javier si \u00e9l se pod\u00eda mudar con ella a un piso en el Raval que ella iba a alquilar cerca de su universidad, pues ya era mayor de edad, ten\u00eda un trabajo fijo y se lo pod\u00eda permitir, Sof\u00eda quer\u00eda independizarse, pero si era con Javier mejor, ya hab\u00edan tenido 6 a\u00f1os de relaci\u00f3n y confianza, as\u00ed que Javier acepto la propuesta y se fueron a vivir juntos.<\/p>\n<p>Pasaron 2 a\u00f1os, Sof\u00eda y Javier estaban en la universidad, y un d\u00eda Sof\u00eda estaba muy mal y decidi\u00f3 hacerse una prueba de embarazo, se lo dijo a Javier y se fueron los 2 al ba\u00f1o, mientras Sof\u00eda se hac\u00eda la prueba Javier recibi\u00f3 una llamada de su mejor amigo Alejandro, Javier decidi\u00f3 colgarle porque su novia se estaba haciendo una prueba de embarazo que les podr\u00eda cambiar la vida. Sof\u00eda salio con cara de tristeza para confundir a Javier y dijo \u201cnegativo\u201d, le ense\u00f1o la prueba a Javier y empezaron a saltar de alegr\u00eda gritando \u201c\u00a1vamos a ser padres!\u201d<\/p>\n","protected":false},"excerpt":{"rendered":"<p>Un d\u00eda como cualquier otro, Sof\u00eda salia a pasear por su barrio, el Raval, cuando pas\u00f3 cerca de la casa de su abuela se dio cuenta de que hab\u00eda un nuevo chico en el barrio, Sof\u00eda como era muy extrovertida fue a saludarlo, el chico se llamaba Javier, ella se enamor\u00f3 perdidamente de \u00e9l, fue [&hellip;]<\/p>\n","protected":false},"author":1,"featured_media":0,"comment_status":"open","ping_status":"open","sticky":false,"template":"","format":"standard","meta":{"_et_pb_use_builder":"","_et_pb_old_content":"","_et_gb_content_width":"","_joinchat":[],"footnotes":""},"categories":[62],"tags":[],"class_list":["post-2106","post","type-post","status-publish","format-standard","hentry","category-publicacions"],"_links":{"self":[{"href":"https:\/\/raval.es\/elx\/wp-json\/wp\/v2\/posts\/2106","targetHints":{"allow":["GET"]}}],"collection":[{"href":"https:\/\/raval.es\/elx\/wp-json\/wp\/v2\/posts"}],"about":[{"href":"https:\/\/raval.es\/elx\/wp-json\/wp\/v2\/types\/post"}],"author":[{"embeddable":true,"href":"https:\/\/raval.es\/elx\/wp-json\/wp\/v2\/users\/1"}],"replies":[{"embeddable":true,"href":"https:\/\/raval.es\/elx\/wp-json\/wp\/v2\/comments?post=2106"}],"version-history":[{"count":3,"href":"https:\/\/raval.es\/elx\/wp-json\/wp\/v2\/posts\/2106\/revisions"}],"predecessor-version":[{"id":4405,"href":"https:\/\/raval.es\/elx\/wp-json\/wp\/v2\/posts\/2106\/revisions\/4405"}],"wp:attachment":[{"href":"https:\/\/raval.es\/elx\/wp-json\/wp\/v2\/media?parent=2106"}],"wp:term":[{"taxonomy":"category","embeddable":true,"href":"https:\/\/raval.es\/elx\/wp-json\/wp\/v2\/categories?post=2106"},{"taxonomy":"post_tag","embeddable":true,"href":"https:\/\/raval.es\/elx\/wp-json\/wp\/v2\/tags?post=2106"}],"curies":[{"name":"wp","href":"https:\/\/api.w.org\/{rel}","templated":true}]}}