{"id":2114,"date":"2018-04-23T10:07:32","date_gmt":"2018-04-23T10:07:32","guid":{"rendered":"http:\/\/raval.es\/elx\/?p=2114"},"modified":"2018-04-27T09:05:14","modified_gmt":"2018-04-27T09:05:14","slug":"exposicion-esperanto-una-lengua-universal-y-de-paz","status":"publish","type":"post","link":"https:\/\/raval.es\/elx\/exposicion-esperanto-una-lengua-universal-y-de-paz\/","title":{"rendered":"Exposici\u00f3n: ESPERANTO, una lengua Universal y de Paz"},"content":{"rendered":"<div id=\"fb-root\"><\/div>\n<p><img loading=\"lazy\" decoding=\"async\" class=\"alignleft wp-image-2116 size-medium\" src=\"http:\/\/raval.es\/elx\/wp-content\/uploads\/2018\/04\/Esperanto-Food-217x300.jpg\" alt=\"\" width=\"217\" height=\"300\" srcset=\"https:\/\/raval.es\/elx\/wp-content\/uploads\/2018\/04\/Esperanto-Food-217x300.jpg 217w, https:\/\/raval.es\/elx\/wp-content\/uploads\/2018\/04\/Esperanto-Food-768x1061.jpg 768w, https:\/\/raval.es\/elx\/wp-content\/uploads\/2018\/04\/Esperanto-Food-741x1024.jpg 741w, https:\/\/raval.es\/elx\/wp-content\/uploads\/2018\/04\/Esperanto-Food.jpg 800w\" sizes=\"auto, (max-width: 217px) 100vw, 217px\" \/>Del 23 al 26 de Abril en la Escuela P\u00fablica de Adultos Merc\u00e8 Rodoreda.<br \/>\nINAUGURACI\u00d3N: lunes, 23 a las 18:00h<\/p>\n<p>\u00abEl <b>esperanto<\/b> (en su origen <b>Lingvo Internacia<\/b>, \u00ablengua internacional\u00bb) es la <a title=\"Lengua construida\" href=\"https:\/\/es.wikipedia.org\/wiki\/Lengua_construida\">lengua planificada<\/a> internacional m\u00e1s difundida y hablada en el mundo. El nombre proviene del <a title=\"Alias\" href=\"https:\/\/es.wikipedia.org\/wiki\/Alias\">seud\u00f3nimo<\/a> que <a title=\"L. L. Zamenhof\" href=\"https:\/\/es.wikipedia.org\/wiki\/L._L._Zamenhof\">L. L. Zamenhof<\/a> utiliz\u00f3 para publicar las bases del idioma en <a title=\"1887\" href=\"https:\/\/es.wikipedia.org\/wiki\/1887\">1887<\/a>. La intenci\u00f3n de este doctor fue crear una lengua f\u00e1cil de aprender y neutral, m\u00e1s adecuada para la comunicaci\u00f3n internacional. Como qued\u00f3 recogido en la <a title=\"Declaraci\u00f3n de Boulogne\" href=\"https:\/\/es.wikipedia.org\/wiki\/Declaraci%C3%B3n_de_Boulogne\">Declaraci\u00f3n de Boulogne<\/a>, el objetivo del esperanto no es reemplazar los idiomas nacionales. Esta lengua es simplemente una alternativa internacional r\u00e1pida de aprender frente a las grandes lenguas que surgen seg\u00fan las potencias de la \u00e9poca y suponen un elevado coste en recursos e igualdad ling\u00fc\u00edstica para las naciones no nativas.\u00bb <em>(fuente: <a href=\"https:\/\/es.wikipedia.org\/wiki\/Esperanto\">Wikipedia<\/a>)<\/em><\/p>\n<p><img loading=\"lazy\" decoding=\"async\" class=\"alignnone  wp-image-2118\" src=\"http:\/\/raval.es\/elx\/wp-content\/uploads\/2018\/04\/esperanto-logo-188x300.jpg\" alt=\"\" width=\"102\" height=\"176\" \/> <img loading=\"lazy\" decoding=\"async\" class=\"alignnone  wp-image-2119\" src=\"http:\/\/raval.es\/elx\/wp-content\/uploads\/2018\/04\/MerceRodoredra-logo-300x205.jpg\" alt=\"\" width=\"232\" height=\"148\" \/> <img loading=\"lazy\" decoding=\"async\" class=\"alignnone  wp-image-1939\" src=\"http:\/\/raval.es\/elx\/wp-content\/uploads\/2018\/02\/LogoRaval-1.jpg\" alt=\"\" width=\"162\" height=\"158\" \/><\/p>\n<p>&nbsp;<\/p>\n","protected":false},"excerpt":{"rendered":"<p>Del 23 al 26 de Abril en la Escuela P\u00fablica de Adultos Merc\u00e8 Rodoreda. INAUGURACI\u00d3N: lunes, 23 a las 18:00h \u00abEl esperanto (en su origen Lingvo Internacia, \u00ablengua internacional\u00bb) es la lengua planificada internacional m\u00e1s difundida y hablada en el mundo. El nombre proviene del seud\u00f3nimo que L. L. Zamenhof utiliz\u00f3 para publicar las bases [&hellip;]<\/p>\n","protected":false},"author":1,"featured_media":2117,"comment_status":"open","ping_status":"open","sticky":false,"template":"","format":"standard","meta":{"_et_pb_use_builder":"","_et_pb_old_content":"","_et_gb_content_width":"","_joinchat":[],"footnotes":""},"categories":[91,64],"tags":[],"class_list":["post-2114","post","type-post","status-publish","format-standard","has-post-thumbnail","hentry","category-91","category-actividades"],"_links":{"self":[{"href":"https:\/\/raval.es\/elx\/wp-json\/wp\/v2\/posts\/2114","targetHints":{"allow":["GET"]}}],"collection":[{"href":"https:\/\/raval.es\/elx\/wp-json\/wp\/v2\/posts"}],"about":[{"href":"https:\/\/raval.es\/elx\/wp-json\/wp\/v2\/types\/post"}],"author":[{"embeddable":true,"href":"https:\/\/raval.es\/elx\/wp-json\/wp\/v2\/users\/1"}],"replies":[{"embeddable":true,"href":"https:\/\/raval.es\/elx\/wp-json\/wp\/v2\/comments?post=2114"}],"version-history":[{"count":1,"href":"https:\/\/raval.es\/elx\/wp-json\/wp\/v2\/posts\/2114\/revisions"}],"predecessor-version":[{"id":2120,"href":"https:\/\/raval.es\/elx\/wp-json\/wp\/v2\/posts\/2114\/revisions\/2120"}],"wp:featuredmedia":[{"embeddable":true,"href":"https:\/\/raval.es\/elx\/wp-json\/wp\/v2\/media\/2117"}],"wp:attachment":[{"href":"https:\/\/raval.es\/elx\/wp-json\/wp\/v2\/media?parent=2114"}],"wp:term":[{"taxonomy":"category","embeddable":true,"href":"https:\/\/raval.es\/elx\/wp-json\/wp\/v2\/categories?post=2114"},{"taxonomy":"post_tag","embeddable":true,"href":"https:\/\/raval.es\/elx\/wp-json\/wp\/v2\/tags?post=2114"}],"curies":[{"name":"wp","href":"https:\/\/api.w.org\/{rel}","templated":true}]}}