{"id":2126,"date":"2018-04-25T10:57:39","date_gmt":"2018-04-25T10:57:39","guid":{"rendered":"http:\/\/raval.es\/elx\/?p=2126"},"modified":"2018-04-27T09:03:21","modified_gmt":"2018-04-27T09:03:21","slug":"curs-esperanto","status":"publish","type":"post","link":"https:\/\/raval.es\/elx\/curs-esperanto\/","title":{"rendered":"Charla y Clase Express: ESPERANTO, una lengua Universal y de Paz"},"content":{"rendered":"<div id=\"fb-root\"><\/div>\n<p><img loading=\"lazy\" decoding=\"async\" class=\"size-medium wp-image-2128 alignleft\" src=\"http:\/\/raval.es\/elx\/wp-content\/uploads\/2018\/04\/600_436398354-300x167.jpeg\" alt=\"\" width=\"300\" height=\"167\" srcset=\"https:\/\/raval.es\/elx\/wp-content\/uploads\/2018\/04\/600_436398354-300x167.jpeg 300w, https:\/\/raval.es\/elx\/wp-content\/uploads\/2018\/04\/600_436398354.jpeg 600w\" sizes=\"auto, (max-width: 300px) 100vw, 300px\" \/> <img loading=\"lazy\" decoding=\"async\" class=\"size-medium wp-image-2130 alignleft\" src=\"http:\/\/raval.es\/elx\/wp-content\/uploads\/2018\/04\/numeros1-300x173.jpg\" alt=\"\" width=\"300\" height=\"173\" srcset=\"https:\/\/raval.es\/elx\/wp-content\/uploads\/2018\/04\/numeros1-300x173.jpg 300w, https:\/\/raval.es\/elx\/wp-content\/uploads\/2018\/04\/numeros1.jpg 637w\" sizes=\"auto, (max-width: 300px) 100vw, 300px\" \/>El 26 de Abril en la Escuela P\u00fablica de Adultos Merc\u00e8 Rodoreda, Charla informativa sobre el Esperanto y curso express: una clase de introducci\u00f3n al Esperanto a cargo de Jos\u00e9 Miguel Bernabeu, miembro de la Asociaci\u00f3n Espa\u00f1ola de Esperanto.<\/p>\n<p><em>\u00a0<\/em><\/p>\n<p><img loading=\"lazy\" decoding=\"async\" class=\"alignnone size-medium wp-image-2131\" src=\"http:\/\/raval.es\/elx\/wp-content\/uploads\/2018\/04\/mapo01-1-300x124.jpg\" alt=\"\" width=\"300\" height=\"124\" srcset=\"https:\/\/raval.es\/elx\/wp-content\/uploads\/2018\/04\/mapo01-1-300x124.jpg 300w, https:\/\/raval.es\/elx\/wp-content\/uploads\/2018\/04\/mapo01-1.jpg 554w\" sizes=\"auto, (max-width: 300px) 100vw, 300px\" \/><\/p>\n<p><img loading=\"lazy\" decoding=\"async\" class=\"alignnone wp-image-2118\" src=\"http:\/\/raval.es\/elx\/wp-content\/uploads\/2018\/04\/esperanto-logo-188x300.jpg\" alt=\"\" width=\"102\" height=\"176\" \/> <img loading=\"lazy\" decoding=\"async\" class=\"alignnone wp-image-2119\" src=\"http:\/\/raval.es\/elx\/wp-content\/uploads\/2018\/04\/MerceRodoredra-logo-300x205.jpg\" alt=\"\" width=\"232\" height=\"148\" \/> <img loading=\"lazy\" decoding=\"async\" class=\"alignnone wp-image-1939\" src=\"http:\/\/raval.es\/elx\/wp-content\/uploads\/2018\/02\/LogoRaval-1.jpg\" alt=\"\" width=\"162\" height=\"158\" \/><\/p>\n<p>&nbsp;<\/p>\n","protected":false},"excerpt":{"rendered":"<p>El 26 de Abril en la Escuela P\u00fablica de Adultos Merc\u00e8 Rodoreda, Charla informativa sobre el Esperanto y curso express: una clase de introducci\u00f3n al Esperanto a cargo de Jos\u00e9 Miguel Bernabeu, miembro de la Asociaci\u00f3n Espa\u00f1ola de Esperanto. \u00a0 &nbsp;<\/p>\n","protected":false},"author":1,"featured_media":2127,"comment_status":"open","ping_status":"open","sticky":false,"template":"","format":"standard","meta":{"_et_pb_use_builder":"","_et_pb_old_content":"","_et_gb_content_width":"","_joinchat":[],"footnotes":""},"categories":[91,64],"tags":[],"class_list":["post-2126","post","type-post","status-publish","format-standard","has-post-thumbnail","hentry","category-91","category-actividades"],"_links":{"self":[{"href":"https:\/\/raval.es\/elx\/wp-json\/wp\/v2\/posts\/2126","targetHints":{"allow":["GET"]}}],"collection":[{"href":"https:\/\/raval.es\/elx\/wp-json\/wp\/v2\/posts"}],"about":[{"href":"https:\/\/raval.es\/elx\/wp-json\/wp\/v2\/types\/post"}],"author":[{"embeddable":true,"href":"https:\/\/raval.es\/elx\/wp-json\/wp\/v2\/users\/1"}],"replies":[{"embeddable":true,"href":"https:\/\/raval.es\/elx\/wp-json\/wp\/v2\/comments?post=2126"}],"version-history":[{"count":1,"href":"https:\/\/raval.es\/elx\/wp-json\/wp\/v2\/posts\/2126\/revisions"}],"predecessor-version":[{"id":2132,"href":"https:\/\/raval.es\/elx\/wp-json\/wp\/v2\/posts\/2126\/revisions\/2132"}],"wp:featuredmedia":[{"embeddable":true,"href":"https:\/\/raval.es\/elx\/wp-json\/wp\/v2\/media\/2127"}],"wp:attachment":[{"href":"https:\/\/raval.es\/elx\/wp-json\/wp\/v2\/media?parent=2126"}],"wp:term":[{"taxonomy":"category","embeddable":true,"href":"https:\/\/raval.es\/elx\/wp-json\/wp\/v2\/categories?post=2126"},{"taxonomy":"post_tag","embeddable":true,"href":"https:\/\/raval.es\/elx\/wp-json\/wp\/v2\/tags?post=2126"}],"curies":[{"name":"wp","href":"https:\/\/api.w.org\/{rel}","templated":true}]}}