{"id":2133,"date":"2018-04-21T10:09:28","date_gmt":"2018-04-21T10:09:28","guid":{"rendered":"http:\/\/raval.es\/elx\/?p=2133"},"modified":"2018-05-08T17:46:00","modified_gmt":"2018-05-08T17:46:00","slug":"cua-panta-2-2","status":"publish","type":"post","link":"https:\/\/raval.es\/elx\/cua-panta-2-2\/","title":{"rendered":"Senderismo: Una vuelta por la Serra Llarga &#8211; Domingo, 29"},"content":{"rendered":"<div id=\"fb-root\"><\/div>\n<p><img loading=\"lazy\" decoding=\"async\" class=\"size-medium wp-image-2143 alignleft\" src=\"http:\/\/raval.es\/elx\/wp-content\/uploads\/2018\/04\/laserrallarga-2-300x220.jpg\" alt=\"\" width=\"300\" height=\"220\" srcset=\"https:\/\/raval.es\/elx\/wp-content\/uploads\/2018\/04\/laserrallarga-2-300x220.jpg 300w, https:\/\/raval.es\/elx\/wp-content\/uploads\/2018\/04\/laserrallarga-2-768x563.jpg 768w, https:\/\/raval.es\/elx\/wp-content\/uploads\/2018\/04\/laserrallarga-2-1080x792.jpg 1080w, https:\/\/raval.es\/elx\/wp-content\/uploads\/2018\/04\/laserrallarga-2.jpg 1296w\" sizes=\"auto, (max-width: 300px) 100vw, 300px\" \/><\/p>\n<p>Eixida a las 9:00 des de la gasolinera de BP en el Cami\u00edde Castella<\/p>\n<p><span id=\"result_box\" class=\"\" lang=\"ca\">La Serra Llarga \u00e9s la m\u00e9s oriental del grup d&#8217;elevacions muntanyoses situades al Nord <span class=\"\">del terme municipal<\/span> d&#8217;Elx.<br \/>\nForma part d&#8217;un conjunt <span class=\"\">compost per la<\/span> Serra dels Cremats a l&#8217;Oest, on se situa el punt m\u00e9s elevat <span class=\"\">amb prop de<\/span> 250 metres. A continuaci\u00f3 es troba la Mu<em>ntanya o Serra <span class=\"\">de Ripoll<\/span> i finalment la Serra Llarga, que li d\u00f3na nom gen\u00e8ric al conjunt. <a href=\"http:\/\/geoelx.blogspot.com.es\/2008\/03\/serra-llarga.html\">(geoelx)<\/a><\/em><br \/>\n<\/span><\/p>\n<p>Recorregut circular de 9,6Km (3.30h aprox.) Dificultat: moderada<br \/>\nRecordeu portar:<br \/>\n&#8211; Roba c\u00f2moda<br \/>\n&#8211; Cal\u00e7at adeq\u00fcat<br \/>\n&#8211; Aigua<br \/>\n&#8211; Esmorzar<\/p>\n<p>\u2026i llegueix aquests <strong><a href=\"http:\/\/raval.es\/elx\/senderistes\/\">CONSELLS PER SENDERISTES<\/a><\/strong><\/p>\n<p><strong>Inscripci\u00f3 gratu\u00efta en: <\/strong><a href=\"http:\/\/raval.es\/nov17\"><strong>raval.es\/2018<br \/>\n<\/strong><\/a><strong>M\u00e9s informaci\u00f3 en <a href=\"mailto:info@raval.es\">info@raval.es<\/a>, la p\u00e0gina de <a href=\"http:\/\/raval.es\/elx\/contacto\/\">contacte<\/a> i\/o el telf. <span id=\"et-info-phone\">633 971 670 (+whatsapp)<\/span><\/strong><\/p>\n<p><strong><em>IMPORTANT:\u00a0 <\/em><\/strong><strong><em>Tots\/es els inscrits s\u00f3n afegits a un whatsapp del Grup de Senderisme per estar puntualmente informats de qualsevol canvi en la ruta, hora, lloc de trobada o apla\u00e7ament.\u00a0 <\/em><\/strong><\/p>\n","protected":false},"excerpt":{"rendered":"<p>Eixida a las 9:00 des de la gasolinera de BP en el Cami\u00edde Castella La Serra Llarga \u00e9s la m\u00e9s oriental del grup d&#8217;elevacions muntanyoses situades al Nord del terme municipal d&#8217;Elx. Forma part d&#8217;un conjunt compost per la Serra dels Cremats a l&#8217;Oest, on se situa el punt m\u00e9s elevat amb prop de 250 [&hellip;]<\/p>\n","protected":false},"author":1,"featured_media":2134,"comment_status":"open","ping_status":"open","sticky":false,"template":"","format":"standard","meta":{"_et_pb_use_builder":"","_et_pb_old_content":"","_et_gb_content_width":"","_joinchat":[],"footnotes":""},"categories":[91,64,70],"tags":[],"class_list":["post-2133","post","type-post","status-publish","format-standard","has-post-thumbnail","hentry","category-91","category-actividades","category-senderisme"],"_links":{"self":[{"href":"https:\/\/raval.es\/elx\/wp-json\/wp\/v2\/posts\/2133","targetHints":{"allow":["GET"]}}],"collection":[{"href":"https:\/\/raval.es\/elx\/wp-json\/wp\/v2\/posts"}],"about":[{"href":"https:\/\/raval.es\/elx\/wp-json\/wp\/v2\/types\/post"}],"author":[{"embeddable":true,"href":"https:\/\/raval.es\/elx\/wp-json\/wp\/v2\/users\/1"}],"replies":[{"embeddable":true,"href":"https:\/\/raval.es\/elx\/wp-json\/wp\/v2\/comments?post=2133"}],"version-history":[{"count":2,"href":"https:\/\/raval.es\/elx\/wp-json\/wp\/v2\/posts\/2133\/revisions"}],"predecessor-version":[{"id":2145,"href":"https:\/\/raval.es\/elx\/wp-json\/wp\/v2\/posts\/2133\/revisions\/2145"}],"wp:featuredmedia":[{"embeddable":true,"href":"https:\/\/raval.es\/elx\/wp-json\/wp\/v2\/media\/2134"}],"wp:attachment":[{"href":"https:\/\/raval.es\/elx\/wp-json\/wp\/v2\/media?parent=2133"}],"wp:term":[{"taxonomy":"category","embeddable":true,"href":"https:\/\/raval.es\/elx\/wp-json\/wp\/v2\/categories?post=2133"},{"taxonomy":"post_tag","embeddable":true,"href":"https:\/\/raval.es\/elx\/wp-json\/wp\/v2\/tags?post=2133"}],"curies":[{"name":"wp","href":"https:\/\/api.w.org\/{rel}","templated":true}]}}