{"id":2146,"date":"2018-04-22T15:36:48","date_gmt":"2018-04-22T15:36:48","guid":{"rendered":"http:\/\/raval.es\/elx\/?p=2146"},"modified":"2018-04-28T17:16:50","modified_gmt":"2018-04-28T17:16:50","slug":"aniversario-bicicritica-28-abril","status":"publish","type":"post","link":"https:\/\/raval.es\/elx\/aniversario-bicicritica-28-abril\/","title":{"rendered":"IX Aniversario BICICR\u00cdTICA &#8211; 28 Abril"},"content":{"rendered":"<div id=\"fb-root\"><\/div>\n<p><img loading=\"lazy\" decoding=\"async\" class=\"size-medium wp-image-2148 alignleft\" src=\"http:\/\/raval.es\/elx\/wp-content\/uploads\/2018\/04\/bicicriticastamaria-300x200.jpg\" alt=\"\" width=\"300\" height=\"200\" srcset=\"https:\/\/raval.es\/elx\/wp-content\/uploads\/2018\/04\/bicicriticastamaria-300x200.jpg 300w, https:\/\/raval.es\/elx\/wp-content\/uploads\/2018\/04\/bicicriticastamaria-768x512.jpg 768w, https:\/\/raval.es\/elx\/wp-content\/uploads\/2018\/04\/bicicriticastamaria.jpg 960w\" sizes=\"auto, (max-width: 300px) 100vw, 300px\" \/><strong>Celebrem el 9\u00e9 ANIVERSARI de la BICI CR\u00cdTICA ELX!<\/strong><\/p>\n<p>Per fi, pareixia que no arribaria mai, per\u00f2 ja est\u00e0 aqu\u00ed! Ens veiem este dissabte 28 d&#8217;abril a les 11.00 a les Ximeneres (pla\u00e7a de l&#8217;Algeps). Farem un recorregut en bici per la ciutat i acabarem al Raval amb una picaeta i m\u00fasica en directe, on podrem lluir-nos amb el nostre swing. Volem donar un toc diferent a aquesta activitat, aix\u00ed \u00e9s que anirem vestits de l&#8217;\u00e8poca dels anys 30-40, ser\u00e0 la BiciElegant! Acabarem ballant amb els nostres amics de Elche Lindy Hop (Black Soul) en un clandest\u00ed a la pla\u00e7a Antoni Bru del Raval amb el grup Fusta i Jazz. Trau les teues millors gales i a pedalejar! No fateu! Celebrem 9 anys en bici pels carrers d&#8217;Elx!<\/p>\n<p>Amb la col\u2022laboraci\u00f3 de <a href=\"https:\/\/www.facebook.com\/oficinaambientalumh\/\">Oficina Ambiental &#8211; UMH Sostenible<\/a>, <a href=\"http:\/\/www.raval.es\">AV Raval<\/a> y <a href=\"https:\/\/www.facebook.com\/ElcheLindyHop\/\">Elche Lindy Hop-Swing Dance.<\/a><\/p>\n","protected":false},"excerpt":{"rendered":"<p>Celebrem el 9\u00e9 ANIVERSARI de la BICI CR\u00cdTICA ELX! Per fi, pareixia que no arribaria mai, per\u00f2 ja est\u00e0 aqu\u00ed! Ens veiem este dissabte 28 d&#8217;abril a les 11.00 a les Ximeneres (pla\u00e7a de l&#8217;Algeps). Farem un recorregut en bici per la ciutat i acabarem al Raval amb una picaeta i m\u00fasica en directe, on [&hellip;]<\/p>\n","protected":false},"author":1,"featured_media":2152,"comment_status":"open","ping_status":"open","sticky":false,"template":"","format":"standard","meta":{"_et_pb_use_builder":"","_et_pb_old_content":"","_et_gb_content_width":"","_joinchat":[],"footnotes":""},"categories":[91,64],"tags":[],"class_list":["post-2146","post","type-post","status-publish","format-standard","has-post-thumbnail","hentry","category-91","category-actividades"],"_links":{"self":[{"href":"https:\/\/raval.es\/elx\/wp-json\/wp\/v2\/posts\/2146","targetHints":{"allow":["GET"]}}],"collection":[{"href":"https:\/\/raval.es\/elx\/wp-json\/wp\/v2\/posts"}],"about":[{"href":"https:\/\/raval.es\/elx\/wp-json\/wp\/v2\/types\/post"}],"author":[{"embeddable":true,"href":"https:\/\/raval.es\/elx\/wp-json\/wp\/v2\/users\/1"}],"replies":[{"embeddable":true,"href":"https:\/\/raval.es\/elx\/wp-json\/wp\/v2\/comments?post=2146"}],"version-history":[{"count":2,"href":"https:\/\/raval.es\/elx\/wp-json\/wp\/v2\/posts\/2146\/revisions"}],"predecessor-version":[{"id":2150,"href":"https:\/\/raval.es\/elx\/wp-json\/wp\/v2\/posts\/2146\/revisions\/2150"}],"wp:featuredmedia":[{"embeddable":true,"href":"https:\/\/raval.es\/elx\/wp-json\/wp\/v2\/media\/2152"}],"wp:attachment":[{"href":"https:\/\/raval.es\/elx\/wp-json\/wp\/v2\/media?parent=2146"}],"wp:term":[{"taxonomy":"category","embeddable":true,"href":"https:\/\/raval.es\/elx\/wp-json\/wp\/v2\/categories?post=2146"},{"taxonomy":"post_tag","embeddable":true,"href":"https:\/\/raval.es\/elx\/wp-json\/wp\/v2\/tags?post=2146"}],"curies":[{"name":"wp","href":"https:\/\/api.w.org\/{rel}","templated":true}]}}