{"id":2161,"date":"2018-05-05T20:52:19","date_gmt":"2018-05-05T20:52:19","guid":{"rendered":"http:\/\/raval.es\/elx\/?p=2161"},"modified":"2018-05-08T20:24:11","modified_gmt":"2018-05-08T20:24:11","slug":"bases2018","status":"publish","type":"post","link":"https:\/\/raval.es\/elx\/bases2018\/","title":{"rendered":"Bases Concurs Carrers"},"content":{"rendered":"<div id=\"fb-root\"><\/div>\n<p>[et_pb_section bb_built=\u00bb1&#8243;][et_pb_row][et_pb_column type=\u00bb1_2&#8243;][et_pb_image _builder_version=\u00bb3.0.90&#8243; src=\u00bbhttp:\/\/raval.es\/elx\/wp-content\/uploads\/2018\/05\/primerpremi.jpg\u00bb show_in_lightbox=\u00bboff\u00bb url_new_window=\u00bboff\u00bb use_overlay=\u00bboff\u00bb always_center_on_mobile=\u00bbon\u00bb force_fullwidth=\u00bboff\u00bb show_bottom_space=\u00bbon\u00bb \/][et_pb_text _builder_version=\u00bb3.0.90&#8243; background_layout=\u00bblight\u00bb]<\/p>\n<p>Primer Premi 2017<br \/>\nC\/ Rac\u00f3 de Retor<\/p>\n<p>[\/et_pb_text][\/et_pb_column][et_pb_column type=\u00bb1_2&#8243;][et_pb_text _builder_version=\u00bb3.0.90&#8243; background_layout=\u00bblight\u00bb]<\/p>\n<p>L\u2019<strong>Associaci\u00f3 Ve\u00efnal Raval<\/strong> anima els ve\u00efns del barri a sumar-se a la celebraci\u00f3 de les <strong>festes de Sant Joan<\/strong> posant el barri ben engalanat, per donar color, vistositat i alegria a la festa del nostre barri.<br \/>\nAmb aquest motiu, l\u2019Associaci\u00f3 convoca el <strong>VII Concurs d\u2019Engalanament de Carr<\/strong>ers, amb les seg\u00fcents:<\/p>\n<p><strong>BASES<\/strong><br \/>\n1.- Podr\u00e0 participar en el concurs tot el ve\u00efnat del barri.<br \/>\n2.- L\u2019engalanament podr\u00e0 ser de tota una pla\u00e7a, un carrer o nom\u00e9s un tram d\u2019aquest.<br \/>\n3.- El tema de decoraci\u00f3 \u00e9s lliure i la inscripci\u00f3 gratu\u00efta.<br \/>\n4.- La inscripci\u00f3 podr\u00e0 fer-se:<br \/>\n&#8211; omplint la fitxa en l\u00ednia:<br \/>\n<a href=\"http:\/\/raval.es\/carrers2018\">http:\/\/raval.es\/carrers2018<\/a><br \/>\n&#8211; mitjan\u00e7ant l\u2019impr\u00e9s que es podr\u00e0 trobar en diversos establiments del barri<br \/>\n&#8211; o descarregant el formulari:<br \/>\n<a href=\"http:\/\/raval.es\/carrers2018.pdf\">http:\/\/raval.es\/carrers2018.pdf<\/a><br \/>\nEls formularis impresos s\u2019hauran de deixar a la b\u00fastia que l\u2019Associaci\u00f3 t\u00e9 al Centre Social o enviar-los per email a info@raval.es fins al 15 de juny<br \/>\n5.- La decoraci\u00f3 no podr\u00e0 ser molesta per a la resta del ve\u00efnat. En aquest sentit els elements no podran suposar un obstacle per a la circulaci\u00f3 de vehicles i vianants i els que pengen als carrers on hi haja circulaci\u00f3 de vehicles no podran estar a una dist\u00e0ncia menor de 4,5 metres de terra.<br \/>\n6.- El ve\u00efnat pot usar qualsevol material per a la decoraci\u00f3, com m\u00e9s original millor!<br \/>\n7.- Entre els criteris a valorar es tindr\u00e0 en compte:<br \/>\n&#8211; l\u2019originalitat,<br \/>\n&#8211; la qualitat art\u00edstica,<br \/>\n&#8211; el disseny i<br \/>\n&#8211; la utilitzaci\u00f3 de material reciclat.<br \/>\n8.- La decoraci\u00f3 haur\u00e0 d\u2019estar visible, almenys, entre el diumenge 17 i diumenge 24 de juny, ambd\u00f3s inclosos.<br \/>\n9.- Els muntatges que necessiten talls de tr\u00e0nsit hauran de comunicar-se pr\u00e8viament a l\u2019Ajuntament, a trav\u00e9s de l\u2019OMAC o de l\u2019Associaci\u00f3 Ve\u00efnal, per a acordar l\u2019horari menys problem\u00e0tic per a fer-ho.<br \/>\n10.- El Jurat visitar\u00e0 els carrers el diumenge 17.<br \/>\n11.- Les deliberacions del jurat seran secretes i inapel\u00b7lables.<br \/>\n12.- El veredicte del jurat i el lliurament de premis es faran el diumenge 17 de juny a la pla\u00e7a Major del Raval<br \/>\n13.- Es premiaran les tres millors decoracions segons el criteri del Jurat.<\/p>\n<p>[\/et_pb_text][\/et_pb_column][\/et_pb_row][\/et_pb_section]<\/p>\n","protected":false},"excerpt":{"rendered":"<p><div class=\"et_pb_row et_pb_row_0 et_pb_row_empty\">\n\t\t\t\t\n\t\t\t\t\n\t\t\t\t\n\t\t\t\t\n\t\t\t\t\n\t\t\t<\/div> Primer Premi 2017 C\/ Rac\u00f3 de Retor L\u2019Associaci\u00f3 Ve\u00efnal Raval anima els ve\u00efns del barri a sumar-se a la celebraci\u00f3 de les festes de Sant Joan posant el barri ben engalanat, per donar color, vistositat i alegria a la festa del nostre barri. Amb aquest motiu, l\u2019Associaci\u00f3 convoca el VII Concurs d\u2019Engalanament de Carrers, [&hellip;]<\/p>\n","protected":false},"author":1,"featured_media":0,"comment_status":"open","ping_status":"open","sticky":false,"template":"","format":"standard","meta":{"_et_pb_use_builder":"on","_et_pb_old_content":"","_et_gb_content_width":"","_joinchat":[],"footnotes":""},"categories":[1],"tags":[],"class_list":["post-2161","post","type-post","status-publish","format-standard","hentry","category-uncategorized"],"_links":{"self":[{"href":"https:\/\/raval.es\/elx\/wp-json\/wp\/v2\/posts\/2161","targetHints":{"allow":["GET"]}}],"collection":[{"href":"https:\/\/raval.es\/elx\/wp-json\/wp\/v2\/posts"}],"about":[{"href":"https:\/\/raval.es\/elx\/wp-json\/wp\/v2\/types\/post"}],"author":[{"embeddable":true,"href":"https:\/\/raval.es\/elx\/wp-json\/wp\/v2\/users\/1"}],"replies":[{"embeddable":true,"href":"https:\/\/raval.es\/elx\/wp-json\/wp\/v2\/comments?post=2161"}],"version-history":[{"count":4,"href":"https:\/\/raval.es\/elx\/wp-json\/wp\/v2\/posts\/2161\/revisions"}],"predecessor-version":[{"id":2166,"href":"https:\/\/raval.es\/elx\/wp-json\/wp\/v2\/posts\/2161\/revisions\/2166"}],"wp:attachment":[{"href":"https:\/\/raval.es\/elx\/wp-json\/wp\/v2\/media?parent=2161"}],"wp:term":[{"taxonomy":"category","embeddable":true,"href":"https:\/\/raval.es\/elx\/wp-json\/wp\/v2\/categories?post=2161"},{"taxonomy":"post_tag","embeddable":true,"href":"https:\/\/raval.es\/elx\/wp-json\/wp\/v2\/tags?post=2161"}],"curies":[{"name":"wp","href":"https:\/\/api.w.org\/{rel}","templated":true}]}}