{"id":2197,"date":"2018-05-23T00:24:17","date_gmt":"2018-05-23T00:24:17","guid":{"rendered":"http:\/\/raval.es\/elx\/?p=2197"},"modified":"2018-05-29T19:28:41","modified_gmt":"2018-05-29T19:28:41","slug":"alimentacion-y-toxicos-charladebate-2","status":"publish","type":"post","link":"https:\/\/raval.es\/elx\/alimentacion-y-toxicos-charladebate-2\/","title":{"rendered":"NUGANT CORDES &#8211; Cine F\u00f2rum"},"content":{"rendered":"<div id=\"fb-root\"><\/div>\n<p><a href=\"https:\/\/nugantcordes.com\/\"><img loading=\"lazy\" decoding=\"async\" class=\"wp-image-2199 alignleft\" src=\"http:\/\/raval.es\/elx\/wp-content\/uploads\/2018\/05\/Captura-de-pantalla-2018-05-23-a-las-2.12.34-300x155.png\" alt=\"\" width=\"400\" height=\"207\" srcset=\"https:\/\/raval.es\/elx\/wp-content\/uploads\/2018\/05\/Captura-de-pantalla-2018-05-23-a-las-2.12.34-300x155.png 300w, https:\/\/raval.es\/elx\/wp-content\/uploads\/2018\/05\/Captura-de-pantalla-2018-05-23-a-las-2.12.34-768x397.png 768w, https:\/\/raval.es\/elx\/wp-content\/uploads\/2018\/05\/Captura-de-pantalla-2018-05-23-a-las-2.12.34.png 799w\" sizes=\"auto, (max-width: 400px) 100vw, 400px\" \/><\/a> Documental realitzat en Valencia sobre l\u2019experi\u00e8ncia de petits grups de consum que han creat una xarxa per a elaborar projectes de sobirania alimentaria. Amb la participaci\u00f3 dels autors.<\/p>\n<div class=\"_2d6A1 _2nDfC _2OvuK\">\n<div class=\"_1dWiV\" dir=\"auto\" data-description-content=\"true\">\n<p class=\"first\">Promoure i difondre l\u2019agroecolog\u00eda \u00e9s l\u2019objectiu de <strong>Nugant Cordes<\/strong>. El documental pret\u00e9n donar a con\u00e9ixer les experi\u00e8ncies de llauradores i llauradors, aix\u00ed com de diferents projectes d\u2019horts socials, d\u2019organitzacions i associacions implicades en una alimentaci\u00f3 sana i responsable amb les persones, el medi i la sobirania aliment\u00e0ria. Volem escoltar les seues veus, el seu esfor\u00e7 i la seua realitat per tal de facilitar un punt de trobada entre llauradors i consumidors.<\/p>\n<p>Per aix\u00f2 tu eres una part important, perque anem Nugant cordes&#8230; i tu?.<\/p>\n<\/div>\n<\/div>\n<p>TRAILER:<br \/>\n<iframe loading=\"lazy\" src=\"https:\/\/player.vimeo.com\/video\/205753917\" width=\"300\" height=\"169\" frameborder=\"0\"><\/iframe><\/p>\n<p><a href=\"https:\/\/vimeo.com\/205753917\">Nugant Cordes_Trailler<\/a> from <a href=\"https:\/\/vimeo.com\/nugantcordes\">Nugant Cordes<\/a> on <a href=\"https:\/\/vimeo.com\">Vimeo<\/a>.<\/p>\n<p>&nbsp;<\/p>\n<p><img loading=\"lazy\" decoding=\"async\" class=\"alignnone wp-image-1940 size-thumbnail\" src=\"http:\/\/raval.es\/elx\/wp-content\/uploads\/2018\/02\/alonis-imag-150x150.jpg\" alt=\"\" width=\"150\" height=\"150\" srcset=\"https:\/\/raval.es\/elx\/wp-content\/uploads\/2018\/02\/alonis-imag-150x150.jpg 150w, https:\/\/raval.es\/elx\/wp-content\/uploads\/2018\/02\/alonis-imag-300x300.jpg 300w, https:\/\/raval.es\/elx\/wp-content\/uploads\/2018\/02\/alonis-imag.jpg 640w\" sizes=\"auto, (max-width: 150px) 100vw, 150px\" \/><\/p>\n","protected":false},"excerpt":{"rendered":"<p>Documental realitzat en Valencia sobre l\u2019experi\u00e8ncia de petits grups de consum que han creat una xarxa per a elaborar projectes de sobirania alimentaria. Amb la participaci\u00f3 dels autors. Promoure i difondre l\u2019agroecolog\u00eda \u00e9s l\u2019objectiu de Nugant Cordes. El documental pret\u00e9n donar a con\u00e9ixer les experi\u00e8ncies de llauradores i llauradors, aix\u00ed com de diferents projectes d\u2019horts [&hellip;]<\/p>\n","protected":false},"author":1,"featured_media":2206,"comment_status":"open","ping_status":"open","sticky":false,"template":"","format":"standard","meta":{"_et_pb_use_builder":"","_et_pb_old_content":"","_et_gb_content_width":"","_joinchat":[],"footnotes":""},"categories":[91,64],"tags":[],"class_list":["post-2197","post","type-post","status-publish","format-standard","has-post-thumbnail","hentry","category-91","category-actividades"],"_links":{"self":[{"href":"https:\/\/raval.es\/elx\/wp-json\/wp\/v2\/posts\/2197","targetHints":{"allow":["GET"]}}],"collection":[{"href":"https:\/\/raval.es\/elx\/wp-json\/wp\/v2\/posts"}],"about":[{"href":"https:\/\/raval.es\/elx\/wp-json\/wp\/v2\/types\/post"}],"author":[{"embeddable":true,"href":"https:\/\/raval.es\/elx\/wp-json\/wp\/v2\/users\/1"}],"replies":[{"embeddable":true,"href":"https:\/\/raval.es\/elx\/wp-json\/wp\/v2\/comments?post=2197"}],"version-history":[{"count":5,"href":"https:\/\/raval.es\/elx\/wp-json\/wp\/v2\/posts\/2197\/revisions"}],"predecessor-version":[{"id":2204,"href":"https:\/\/raval.es\/elx\/wp-json\/wp\/v2\/posts\/2197\/revisions\/2204"}],"wp:featuredmedia":[{"embeddable":true,"href":"https:\/\/raval.es\/elx\/wp-json\/wp\/v2\/media\/2206"}],"wp:attachment":[{"href":"https:\/\/raval.es\/elx\/wp-json\/wp\/v2\/media?parent=2197"}],"wp:term":[{"taxonomy":"category","embeddable":true,"href":"https:\/\/raval.es\/elx\/wp-json\/wp\/v2\/categories?post=2197"},{"taxonomy":"post_tag","embeddable":true,"href":"https:\/\/raval.es\/elx\/wp-json\/wp\/v2\/tags?post=2197"}],"curies":[{"name":"wp","href":"https:\/\/api.w.org\/{rel}","templated":true}]}}