{"id":2207,"date":"2018-05-25T14:13:45","date_gmt":"2018-05-25T14:13:45","guid":{"rendered":"http:\/\/raval.es\/elx\/?p=2207"},"modified":"2018-05-29T19:28:28","modified_gmt":"2018-05-29T19:28:28","slug":"cua-panta-2-2-2","status":"publish","type":"post","link":"https:\/\/raval.es\/elx\/cua-panta-2-2-2\/","title":{"rendered":"Senderismo: Subida al Faro de Santa Pola &#8211; Domingo, 27"},"content":{"rendered":"<div id=\"fb-root\"><\/div>\n<p><img loading=\"lazy\" decoding=\"async\" class=\"size-medium wp-image-2209 alignleft\" src=\"http:\/\/raval.es\/elx\/wp-content\/uploads\/2018\/05\/lacadena-300x201.jpg\" alt=\"\" width=\"300\" height=\"201\" srcset=\"https:\/\/raval.es\/elx\/wp-content\/uploads\/2018\/05\/lacadena-300x201.jpg 300w, https:\/\/raval.es\/elx\/wp-content\/uploads\/2018\/05\/lacadena-768x514.jpg 768w, https:\/\/raval.es\/elx\/wp-content\/uploads\/2018\/05\/lacadena.jpg 800w\" sizes=\"auto, (max-width: 300px) 100vw, 300px\" \/>Eixida a las 9:30 des de Santa Pola de l&#8217;Est, al Passeig Vicealmirall Blanco, a la altura del monument a La Cadena<\/p>\n<p><span id=\"result_box\" class=\"\" lang=\"ca\"><em>El Faro de Santa Pola se construy\u00f3 en 1858 sobre las ruinas de la torre vig\u00eda de <i>Atalayola<\/i>, de la cual a\u00fan quedan varios restos \u00e9 indicios de sus or\u00edgenes romanos y antes de ser faro, formaba parte de la cadena de torres que vigilaban el mar de posibles ataques. El Faro est\u00e1 situado en el extremo Este del Cabo de Santa Pola y goza de unas vistas impresionantes a la bah\u00eda y a la Isla de Tabarca.<\/em><br \/>\n<\/span><\/p>\n<p><img loading=\"lazy\" decoding=\"async\" class=\"size-medium wp-image-2211 alignright\" src=\"http:\/\/raval.es\/elx\/wp-content\/uploads\/2018\/05\/rutafaro-206x300.jpg\" alt=\"\" width=\"206\" height=\"300\" srcset=\"https:\/\/raval.es\/elx\/wp-content\/uploads\/2018\/05\/rutafaro-206x300.jpg 206w, https:\/\/raval.es\/elx\/wp-content\/uploads\/2018\/05\/rutafaro.jpg 548w\" sizes=\"auto, (max-width: 206px) 100vw, 206px\" \/>Recorregut circular de 9Km (4.00h aprox.) Dificultat: mitja-alta<br \/>\nRecordeu portar:<br \/>\n&#8211; Roba c\u00f2moda<br \/>\n&#8211; Cal\u00e7at adeq\u00fcat<br \/>\n&#8211; Aigua<br \/>\n&#8211; Esmorzar<\/p>\n<p>&nbsp;<\/p>\n<p>\u2026i llegueix aquests <strong><a href=\"http:\/\/raval.es\/elx\/senderistes\/\">CONSELLS PER SENDERISTES<\/a><\/strong><\/p>\n<p><strong>Inscripci\u00f3 gratu\u00efta en: <\/strong><a href=\"http:\/\/raval.es\/nov17\"><strong>raval.es\/2018<br \/>\n<\/strong><\/a><strong>M\u00e9s informaci\u00f3 en <a href=\"mailto:info@raval.es\">info@raval.es<\/a>, la p\u00e0gina de <a href=\"http:\/\/raval.es\/elx\/contacto\/\">contacte<\/a> i\/o el telf. <span id=\"et-info-phone\">633 971 670 (+whatsapp)<\/span><\/strong><\/p>\n<p><strong><em>IMPORTANT:\u00a0 <\/em><\/strong><strong><em>Tots\/es els inscrits s\u00f3n afegits a un whatsapp del Grup de Senderisme per estar puntualmente informats de qualsevol canvi en la ruta, hora, lloc de trobada o apla\u00e7ament.\u00a0 <\/em><\/strong><\/p>\n","protected":false},"excerpt":{"rendered":"<p>Eixida a las 9:30 des de Santa Pola de l&#8217;Est, al Passeig Vicealmirall Blanco, a la altura del monument a La Cadena El Faro de Santa Pola se construy\u00f3 en 1858 sobre las ruinas de la torre vig\u00eda de Atalayola, de la cual a\u00fan quedan varios restos \u00e9 indicios de sus or\u00edgenes romanos y antes [&hellip;]<\/p>\n","protected":false},"author":1,"featured_media":2210,"comment_status":"open","ping_status":"open","sticky":false,"template":"","format":"standard","meta":{"_et_pb_use_builder":"","_et_pb_old_content":"","_et_gb_content_width":"","_joinchat":[],"footnotes":""},"categories":[91,64,70],"tags":[],"class_list":["post-2207","post","type-post","status-publish","format-standard","has-post-thumbnail","hentry","category-91","category-actividades","category-senderisme"],"_links":{"self":[{"href":"https:\/\/raval.es\/elx\/wp-json\/wp\/v2\/posts\/2207","targetHints":{"allow":["GET"]}}],"collection":[{"href":"https:\/\/raval.es\/elx\/wp-json\/wp\/v2\/posts"}],"about":[{"href":"https:\/\/raval.es\/elx\/wp-json\/wp\/v2\/types\/post"}],"author":[{"embeddable":true,"href":"https:\/\/raval.es\/elx\/wp-json\/wp\/v2\/users\/1"}],"replies":[{"embeddable":true,"href":"https:\/\/raval.es\/elx\/wp-json\/wp\/v2\/comments?post=2207"}],"version-history":[{"count":1,"href":"https:\/\/raval.es\/elx\/wp-json\/wp\/v2\/posts\/2207\/revisions"}],"predecessor-version":[{"id":2212,"href":"https:\/\/raval.es\/elx\/wp-json\/wp\/v2\/posts\/2207\/revisions\/2212"}],"wp:featuredmedia":[{"embeddable":true,"href":"https:\/\/raval.es\/elx\/wp-json\/wp\/v2\/media\/2210"}],"wp:attachment":[{"href":"https:\/\/raval.es\/elx\/wp-json\/wp\/v2\/media?parent=2207"}],"wp:term":[{"taxonomy":"category","embeddable":true,"href":"https:\/\/raval.es\/elx\/wp-json\/wp\/v2\/categories?post=2207"},{"taxonomy":"post_tag","embeddable":true,"href":"https:\/\/raval.es\/elx\/wp-json\/wp\/v2\/tags?post=2207"}],"curies":[{"name":"wp","href":"https:\/\/api.w.org\/{rel}","templated":true}]}}