{"id":2216,"date":"2018-05-29T19:27:29","date_gmt":"2018-05-29T19:27:29","guid":{"rendered":"http:\/\/raval.es\/elx\/?p=2216"},"modified":"2018-06-12T19:13:20","modified_gmt":"2018-06-12T19:13:20","slug":"exposicion-y-charlas-los-refugiados-en-europa-y-la-frontera-sur-jueves-31-1930h","status":"publish","type":"post","link":"https:\/\/raval.es\/elx\/exposicion-y-charlas-los-refugiados-en-europa-y-la-frontera-sur-jueves-31-1930h\/","title":{"rendered":"Exposici\u00f3n y Charlas: Los Refugiados en Europa y la Frontera Sur"},"content":{"rendered":"<div id=\"fb-root\"><\/div>\n<p>[et_pb_section bb_built=\u00bb1&#8243;][et_pb_row][et_pb_column type=\u00bb1_2&#8243;][et_pb_gallery _builder_version=\u00bb3.0.90&#8243; gallery_orderby=\u00bbrand\u00bb posts_number=\u00bb13&#8243; show_title_and_caption=\u00bboff\u00bb show_pagination=\u00bboff\u00bb gallery_ids=\u00bb2218,2219,2220,2221,2222,2223,2224,2225,2226,2227,2228,2229,2230&#8243; fullwidth=\u00bboff\u00bb orientation=\u00bblandscape\u00bb zoom_icon_color=\u00bb#2ea3f2&#8243; hover_overlay_color=\u00bbrgba(255,255,255,0.9)\u00bb background_layout=\u00bblight\u00bb pagination_font_size_tablet=\u00bb51&#8243; pagination_line_height_tablet=\u00bb2&#8243; \/][\/et_pb_column][et_pb_column type=\u00bb1_2&#8243;][et_pb_text _builder_version=\u00bb3.0.90&#8243; background_layout=\u00bblight\u00bb]<\/p>\n<p>El Jueves, 31 Mayo en el Centre Social Raval (Pla\u00e7a Major del Raval) tendr\u00e1 lugar unas CHARLAS-COLOQUIO sobre<\/p>\n<p><strong>La situacion actual de las personas refugiadas en Europa<\/strong><br \/>\n<strong>La frontera sur (Ceuta y Melilla, la valla de la verg\u00fcenza)<\/strong><\/p>\n<p>La charla ser\u00e1 a cargo de Bel\u00e9n Delgado, activista de la Plataforma de ayuda a las personas refugiadas sirias de Elche, quien contar\u00e1 su experiencia en la frontera sur.<br \/>\nSe acompa\u00f1ar\u00e1 de videos e imagenes sobre la situaci\u00f3n de ambas intolerables realidades.<\/p>\n<p>Con motivo del acto os pedimos<strong> colaborar con las personas afectadas donando cualquier tipo de alimento no perecedero<\/strong> (harina, az\u00facar, legumbres, pasta, arroz, latas de conserva de pescado y aceite de girasol) a la entrada del centro social, antes del acto.<\/p>\n<p>&nbsp;<\/p>\n<p>[\/et_pb_text][et_pb_image _builder_version=\u00bb3.0.90&#8243; src=\u00bbhttp:\/\/raval.es\/elx\/wp-content\/uploads\/2018\/05\/refugiados-elxp.jpg\u00bb show_in_lightbox=\u00bboff\u00bb url_new_window=\u00bboff\u00bb use_overlay=\u00bboff\u00bb always_center_on_mobile=\u00bbon\u00bb force_fullwidth=\u00bboff\u00bb show_bottom_space=\u00bbon\u00bb \/][\/et_pb_column][\/et_pb_row][\/et_pb_section]<\/p>\n","protected":false},"excerpt":{"rendered":"<p><div class=\"et_pb_row et_pb_row_0 et_pb_row_empty\">\n\t\t\t\t\n\t\t\t\t\n\t\t\t\t\n\t\t\t\t\n\t\t\t\t\n\t\t\t<\/div> El Jueves, 31 Mayo en el Centre Social Raval (Pla\u00e7a Major del Raval) tendr\u00e1 lugar unas CHARLAS-COLOQUIO sobre La situacion actual de las personas refugiadas en Europa La frontera sur (Ceuta y Melilla, la valla de la verg\u00fcenza) La charla ser\u00e1 a cargo de Bel\u00e9n Delgado, activista de la Plataforma de ayuda a las [&hellip;]<\/p>\n","protected":false},"author":1,"featured_media":2233,"comment_status":"open","ping_status":"open","sticky":false,"template":"","format":"standard","meta":{"_et_pb_use_builder":"on","_et_pb_old_content":"<p>El Jueves, 31 Mayo en el Centre Social Raval (Pla\u00e7a Major del Raval) tendr\u00e1 lugar unas CHARLAS-COLOQUIO sobre<\/p><p><strong>La situacion actual de las personas refugiadas en Europa<\/strong><br \/><strong>La frontera sur (Ceuta y Melilla, la valla de la verg\u00fcenza)<\/strong><\/p><p>La charla ser\u00e1 a cargo de Bel\u00e9n Delgado, activista de la Plataforma de ayuda a las personas refugiadas sirias de Elche, quien contar\u00e1 su experiencia en la frontera sur.<br \/>Se acompa\u00f1ar\u00e1 de videos e imagenes sobre la situaci\u00f3n de ambas intolerables realidades.<\/p><p>Con motivo del acto os pedimos colaborar con las personas afectadas donando cualquier tipo de alimento no perecedero (harina, az\u00facar, legumbres, pasta, arroz, latas de conserva de pescado y aceite de girasol) a la entrada del centro social, antes del acto.<\/p><p>\u00a0<\/p>","_et_gb_content_width":"","_joinchat":[],"footnotes":""},"categories":[91,64],"tags":[],"class_list":["post-2216","post","type-post","status-publish","format-standard","has-post-thumbnail","hentry","category-91","category-actividades"],"_links":{"self":[{"href":"https:\/\/raval.es\/elx\/wp-json\/wp\/v2\/posts\/2216","targetHints":{"allow":["GET"]}}],"collection":[{"href":"https:\/\/raval.es\/elx\/wp-json\/wp\/v2\/posts"}],"about":[{"href":"https:\/\/raval.es\/elx\/wp-json\/wp\/v2\/types\/post"}],"author":[{"embeddable":true,"href":"https:\/\/raval.es\/elx\/wp-json\/wp\/v2\/users\/1"}],"replies":[{"embeddable":true,"href":"https:\/\/raval.es\/elx\/wp-json\/wp\/v2\/comments?post=2216"}],"version-history":[{"count":4,"href":"https:\/\/raval.es\/elx\/wp-json\/wp\/v2\/posts\/2216\/revisions"}],"predecessor-version":[{"id":2239,"href":"https:\/\/raval.es\/elx\/wp-json\/wp\/v2\/posts\/2216\/revisions\/2239"}],"wp:featuredmedia":[{"embeddable":true,"href":"https:\/\/raval.es\/elx\/wp-json\/wp\/v2\/media\/2233"}],"wp:attachment":[{"href":"https:\/\/raval.es\/elx\/wp-json\/wp\/v2\/media?parent=2216"}],"wp:term":[{"taxonomy":"category","embeddable":true,"href":"https:\/\/raval.es\/elx\/wp-json\/wp\/v2\/categories?post=2216"},{"taxonomy":"post_tag","embeddable":true,"href":"https:\/\/raval.es\/elx\/wp-json\/wp\/v2\/tags?post=2216"}],"curies":[{"name":"wp","href":"https:\/\/api.w.org\/{rel}","templated":true}]}}