{"id":2241,"date":"2022-06-12T16:44:51","date_gmt":"2022-06-12T16:44:51","guid":{"rendered":"http:\/\/raval.es\/elx\/?p=2241"},"modified":"2022-06-27T07:02:24","modified_gmt":"2022-06-27T07:02:24","slug":"santjoan22festa","status":"publish","type":"post","link":"https:\/\/raval.es\/elx\/santjoan22festa\/","title":{"rendered":"Per Sant Joan, Danses , M\u00fasica i Festa al Raval (18  al 24 de juny)"},"content":{"rendered":"<div id=\"fb-root\"><\/div>\n\n<!-- divi:paragraph -->\n<p><\/p>\n<!-- \/divi:paragraph -->\n\n\n[et_pb_section fb_built=\u00bb1&#8243; _builder_version=\u00bb3.22&#8243; global_colors_info=\u00bb{}\u00bb][et_pb_row _builder_version=\u00bb3.25&#8243; background_size=\u00bbinitial\u00bb background_position=\u00bbtop_left\u00bb background_repeat=\u00bbrepeat\u00bb global_colors_info=\u00bb{}\u00bb column_structure=\u00bb1_2,1_2&#8243;][et_pb_column type=\u00bb1_2&#8243; _builder_version=\u00bb3.25&#8243; custom_padding=\u00bb|||\u00bb global_colors_info=\u00bb{}\u00bb custom_padding__hover=\u00bb|||\u00bb][et_pb_image align_tablet=\u00bbcenter\u00bb align_last_edited=\u00bbon|desktop\u00bb _builder_version=\u00bb4.14.6&#8243; hover_enabled=\u00bb0&#8243; global_colors_info=\u00bb{}\u00bb title_text=\u00bbfestesSJOAN22web\u00bb src=\u00bbhttps:\/\/raval.es\/elx\/wp-content\/uploads\/2022\/06\/festesSJOAN22web-scaled.jpg\u00bb sticky_enabled=\u00bb0&#8243; align_phone=\u00bbcenter\u00bb][\/et_pb_image][\/et_pb_column][et_pb_column type=\u00bb1_2&#8243; _builder_version=\u00bb3.25&#8243; custom_padding=\u00bb|||\u00bb global_colors_info=\u00bb{}\u00bb custom_padding__hover=\u00bb|||\u00bb][et_pb_text _builder_version=\u00bb4.14.6&#8243; background_size=\u00bbinitial\u00bb background_position=\u00bbtop_left\u00bb background_repeat=\u00bbrepeat\u00bb hover_enabled=\u00bb0&#8243; global_colors_info=\u00bb{}\u00bb sticky_enabled=\u00bb0&#8243;]<p><strong>DISSABTE, 18<\/strong> comencem les Festes de Sant Joan al barri del Raval.<\/p>\n<p><strong>A les 20:00h.<\/strong> vine a visitar els carrers engalanats acompanyats de la dol\u00e7aina i tabalet de la Colla El Cascabot d&#8217;Elx&#8230;<br \/><strong>A les 21:00,<\/strong> mentre delibera el jurat practicarem el ball de carrer<br \/><strong>A les 21:30<\/strong> arriba l&#8217;entrega de premis del IX Concurs de Carrers Engalants&#8230; i acabarem eixe gran dia gaudint amb un concert en directe de m\u00fasica celta en la Pla\u00e7a Major del Raval a les 22.00h.<br \/>No t&#8217;ho perdes!<\/p>\n<p><strong>DIVENDRES, 24<\/strong> \u00e9s la festa grossa, <strong>Sant Joan<\/strong>. Treurem taules i cadires per sopar a la fresca amb tots els ve\u00efns del barri.<br \/><strong>A les 12:00<\/strong> ens anirem a la <strong>Crem\u00e0 de la Foguera<\/strong>, al solar de l&#8217;esgl\u00e8sia de Sant Joan i arrodonirem la nit amb el rock en concert de <strong>The Jumpers Trio<\/strong><\/p>[\/et_pb_text][\/et_pb_column][\/et_pb_row][\/et_pb_section]\n\n","protected":false},"excerpt":{"rendered":"<p>Comencem les festes de Sant Joan. Despr\u00e9s de dos anys sense, hi ha molta gana de festa. Vindr\u00e0s?<\/p>\n","protected":false},"author":1,"featured_media":5867,"comment_status":"closed","ping_status":"open","sticky":false,"template":"","format":"standard","meta":{"_et_pb_use_builder":"on","_et_pb_old_content":"[et_pb_section bb_built=\"1\"][et_pb_row][et_pb_column type=\"1_2\"][et_pb_image _builder_version=\"3.0.90\" \/][\/et_pb_column][et_pb_column type=\"1_2\"][et_pb_text]\n\nDiumenge, 17 comencem les Festes de Sant Joan al barri del Raval. Vine a visitar els carrers engalants acompanyats de la dol\u00e7aina i tabalet de la Colla El Cascabot d'Elx... A les 11 el taller del Casal Jaume I et convida a practicar Danses Populars.\nA les 13:00 El Cascabot i la Colla El Coc\u00f3 d'Alacant ens far\u00e0n ballar amb m\u00fasica valenciana interpretada per dol\u00e7aina i tabalet, just abans de l'entrega de premis del VII Concurs de Carrers Engalants... i acabarem eixe gran dia fent el cor al Concert de Can\u00e7ons Populars d'Elx a les 20.30h.\nNo t'ho perdes!\n\n[\/et_pb_text][\/et_pb_column][\/et_pb_row][\/et_pb_section]","_et_gb_content_width":"","_joinchat":[],"footnotes":""},"categories":[135,64,59],"tags":[],"class_list":["post-2241","post","type-post","status-publish","format-standard","has-post-thumbnail","hentry","category-135","category-actividades","category-sant-joan"],"_links":{"self":[{"href":"https:\/\/raval.es\/elx\/wp-json\/wp\/v2\/posts\/2241","targetHints":{"allow":["GET"]}}],"collection":[{"href":"https:\/\/raval.es\/elx\/wp-json\/wp\/v2\/posts"}],"about":[{"href":"https:\/\/raval.es\/elx\/wp-json\/wp\/v2\/types\/post"}],"author":[{"embeddable":true,"href":"https:\/\/raval.es\/elx\/wp-json\/wp\/v2\/users\/1"}],"replies":[{"embeddable":true,"href":"https:\/\/raval.es\/elx\/wp-json\/wp\/v2\/comments?post=2241"}],"version-history":[{"count":6,"href":"https:\/\/raval.es\/elx\/wp-json\/wp\/v2\/posts\/2241\/revisions"}],"predecessor-version":[{"id":5871,"href":"https:\/\/raval.es\/elx\/wp-json\/wp\/v2\/posts\/2241\/revisions\/5871"}],"wp:featuredmedia":[{"embeddable":true,"href":"https:\/\/raval.es\/elx\/wp-json\/wp\/v2\/media\/5867"}],"wp:attachment":[{"href":"https:\/\/raval.es\/elx\/wp-json\/wp\/v2\/media?parent=2241"}],"wp:term":[{"taxonomy":"category","embeddable":true,"href":"https:\/\/raval.es\/elx\/wp-json\/wp\/v2\/categories?post=2241"},{"taxonomy":"post_tag","embeddable":true,"href":"https:\/\/raval.es\/elx\/wp-json\/wp\/v2\/tags?post=2241"}],"curies":[{"name":"wp","href":"https:\/\/api.w.org\/{rel}","templated":true}]}}