{"id":2292,"date":"2018-07-25T20:15:54","date_gmt":"2018-07-25T20:15:54","guid":{"rendered":"http:\/\/raval.es\/elx\/?p=2292"},"modified":"2018-12-13T20:30:16","modified_gmt":"2018-12-13T20:30:16","slug":"cinema-a-la-fresca-sufragistes","status":"publish","type":"post","link":"https:\/\/raval.es\/elx\/cinema-a-la-fresca-sufragistes\/","title":{"rendered":"Cinema a la Fresca &#8211; SUFRAGISTES"},"content":{"rendered":"<div id=\"fb-root\"><\/div>\n<p>[et_pb_section bb_built=\u00bb1&#8243;][et_pb_row][et_pb_column type=\u00bb1_3&#8243;][et_pb_image _builder_version=\u00bb3.10&#8243; src=\u00bbhttp:\/\/raval.es\/elx\/wp-content\/uploads\/2018\/07\/sufragistes.jpg\u00bb \/][\/et_pb_column][et_pb_column type=\u00bb2_3&#8243;][et_pb_text _builder_version=\u00bb3.10&#8243;]<\/p>\n<p><strong>El proper dissabte, 28 de Juliol, a les 22:00\u00a0 a la pla\u00e7a Major del Raval es projectar\u00e0 la segona pel\u00edcula del III Cicle de Cinema en Valenci\u00e0 \u00abCinema a la Fresca\u00bb<\/strong><\/p>\n<p>SUFRAGISTES \u00e9s un drama hist\u00f2ric brit\u00e0nic que explica la hist\u00f2ria de les dones sufragistes en la seua lluita pel dret al vot. La majoria no procedien de classes altes, sin\u00f3 que eren obreres que veien impotents com les seus protestes pac\u00edfiques no servien de res a l\u2019hora de conquerir el dret a votar en les eleccions en peu d\u2019igualtat amb els h\u00f2mens. Llavors es van radicalitzar i, en la seua incansable lluita per a aconseguir la igualtat, es van arriscar a perdre-ho tot: el seu treball, la seua casa, els seus fills i la seua vida. Entre totes elles, cal destacar-hi Maud, una dona que va reivindicar agosaradament la dignitat de les dones. Dirgida per Sarah Gavron i escrita per Abi Morgan, aquest film radiografia la vida d\u2019una colla de dones que prenen consci\u00e8ncia de l\u2019opressi\u00f3 social que pateixen i se sacrifiquen per l\u2019anhel d\u2019igualtat i llibertat. \u00c9s un magn\u00edfic retrat pol\u00edtic i social de l\u2019\u00e8poca. Meryl Streep, Helena Bonham Carter, Anne-Marie Duff i Romola Garai protagonitzen aquesta producci\u00f3 cinematogr\u00e0fica, que no us heu de perdre.<\/p>\n<p>&nbsp;<\/p>\n<p>&nbsp;<\/p>\n<p>Aquest cicle, com els anteriors, ha estat coordinat per l&#8217;Associaci\u00f3 El Tempir amb la col\u00b7laboraci\u00f3 de la Universitat Miguel Henrn\u00e0ndez, l&#8217;Ajuntament d&#8217;Elx i l&#8217;Associaci\u00f3 Ve\u00efnal Raval.<\/p>\n<p>[\/et_pb_text][\/et_pb_column][\/et_pb_row][\/et_pb_section]<\/p>\n","protected":false},"excerpt":{"rendered":"<p>El proper dissabte, 28 de Juliol, a les 22:00  a la pla\u00e7a Major del Raval es projectar\u00e0 la segona pel\u00edcula del III Cicle de Cinema en Valenci\u00e0 \u00abCinema a la Fresca\u00bb<\/p>\n","protected":false},"author":1,"featured_media":2299,"comment_status":"open","ping_status":"open","sticky":false,"template":"","format":"standard","meta":{"_et_pb_use_builder":"on","_et_pb_old_content":"<p>El proper dissabte, 28 de Juliol, a les 22:00\u00a0 a la pla\u00e7a Major del Raval es projectar\u00e0 la segona pel\u00edcula del III Cicle de Cinema en Valenci\u00e0 \"Cinema a la Fresca\"<\/p><p>SUFRAGISTES \u00e9s un drama hist\u00f2ric brit\u00e0nic que explica la hist\u00f2ria de les dones sufragistes en la seua lluita pel dret al vot. La majoria no procedien de classes altes, sin\u00f3 que eren obreres que veien impotents com les seus protestes pac\u00edfiques no servien de res a l\u2019hora de conquerir el dret a votar en les eleccions en peu d\u2019igualtat amb els h\u00f2mens. Llavors es van radicalitzar i, en la seua incansable lluita per a aconseguir la igualtat, es van arriscar a perdre-ho tot: el seu treball, la seua casa, els seus fills i la seua vida. Entre totes elles, cal destacar-hi Maud, una dona que va reivindicar agosaradament la dignitat de les dones. Dirgida per Sarah Gavron i escrita per Abi Morgan, aquest film radiografia la vida d\u2019una colla de dones que prenen consci\u00e8ncia de l\u2019opressi\u00f3 social que pateixen i se sacrifiquen per l\u2019anhel d\u2019igualtat i llibertat. \u00c9s un magn\u00edfic retrat pol\u00edtic i social de l\u2019\u00e8poca. Meryl Streep, Helena Bonham Carter, Anne-Marie Duff i Romola Garai protagonitzen aquesta producci\u00f3 cinematogr\u00e0fica, que no us heu de perdre.<\/p><p>\u00a0<\/p><p>\u00a0<\/p><p>Aquest cicle, com els anteriors, ha estat coordinat per l'Associaci\u00f3 El Tempir amb la col\u00b7laboraci\u00f3 de la Universitat Miguel Henrn\u00e0ndez, l'Ajuntament d'Elx i l'Associaci\u00f3 Ve\u00efnal Raval.<\/p>","_et_gb_content_width":"","_joinchat":[],"footnotes":""},"categories":[91,64],"tags":[],"class_list":["post-2292","post","type-post","status-publish","format-standard","has-post-thumbnail","hentry","category-91","category-actividades"],"_links":{"self":[{"href":"https:\/\/raval.es\/elx\/wp-json\/wp\/v2\/posts\/2292","targetHints":{"allow":["GET"]}}],"collection":[{"href":"https:\/\/raval.es\/elx\/wp-json\/wp\/v2\/posts"}],"about":[{"href":"https:\/\/raval.es\/elx\/wp-json\/wp\/v2\/types\/post"}],"author":[{"embeddable":true,"href":"https:\/\/raval.es\/elx\/wp-json\/wp\/v2\/users\/1"}],"replies":[{"embeddable":true,"href":"https:\/\/raval.es\/elx\/wp-json\/wp\/v2\/comments?post=2292"}],"version-history":[{"count":2,"href":"https:\/\/raval.es\/elx\/wp-json\/wp\/v2\/posts\/2292\/revisions"}],"predecessor-version":[{"id":2298,"href":"https:\/\/raval.es\/elx\/wp-json\/wp\/v2\/posts\/2292\/revisions\/2298"}],"wp:featuredmedia":[{"embeddable":true,"href":"https:\/\/raval.es\/elx\/wp-json\/wp\/v2\/media\/2299"}],"wp:attachment":[{"href":"https:\/\/raval.es\/elx\/wp-json\/wp\/v2\/media?parent=2292"}],"wp:term":[{"taxonomy":"category","embeddable":true,"href":"https:\/\/raval.es\/elx\/wp-json\/wp\/v2\/categories?post=2292"},{"taxonomy":"post_tag","embeddable":true,"href":"https:\/\/raval.es\/elx\/wp-json\/wp\/v2\/tags?post=2292"}],"curies":[{"name":"wp","href":"https:\/\/api.w.org\/{rel}","templated":true}]}}