{"id":2304,"date":"2018-07-25T22:39:46","date_gmt":"2018-07-25T22:39:46","guid":{"rendered":"http:\/\/raval.es\/elx\/?p=2304"},"modified":"2018-08-02T20:36:08","modified_gmt":"2018-08-02T20:36:08","slug":"trobada-dassociacions","status":"publish","type":"post","link":"https:\/\/raval.es\/elx\/trobada-dassociacions\/","title":{"rendered":"Trobada d&#8217;Associacions"},"content":{"rendered":"<div id=\"fb-root\"><\/div>\n<p>[et_pb_section bb_built=\u00bb1&#8243;][et_pb_row][et_pb_column type=\u00bb1_3&#8243;][et_pb_image _builder_version=\u00bb3.10.2&#8243; src=\u00bbhttp:\/\/raval.es\/elx\/wp-content\/uploads\/2018\/07\/trobada-reunio-2.jpeg\u00bb \/][et_pb_gallery _builder_version=\u00bb3.10.2&#8243; gallery_ids=\u00bb2311,2307,2308,2313&#8243; fullwidth=\u00bbon\u00bb zoom_icon_color=\u00bb#2ea3f2&#8243; hover_overlay_color=\u00bbrgba(255,255,255,0.9)\u00bb \/][\/et_pb_column][et_pb_column type=\u00bb2_3&#8243;][et_pb_text _builder_version=\u00bb3.10.2&#8243;]<\/p>\n<p>Del 22 al 29 de Septembre al Raval es prepara una Trobada d&#8217;Associacions i Plataformes ciutadanes, culturals, socials&#8230;<\/p>\n<p>Si pertanys a alg\u00fan grup i vols afegir-te a la trobada encara ets a temps. Fins al 15 de d&#8217;Agost podeu inscriu-re-vos mitjan\u00e7ant el formulario que trobar\u00e0s en aquest <a href=\"http:\/\/raval.es\/elx\/trobada2018\"><strong>ENLLA\u00c7: raval.es\/trobada2018<\/strong><\/a><\/p>\n<p>Aviat trobar\u00e0s m\u00e9s informaci\u00f3 a\u00e7i mateix<\/p>\n<p>[\/et_pb_text][\/et_pb_column][\/et_pb_row][\/et_pb_section]<\/p>\n","protected":false},"excerpt":{"rendered":"<p><div class=\"et_pb_row et_pb_row_0 et_pb_row_empty\">\n\t\t\t\t\n\t\t\t\t\n\t\t\t\t\n\t\t\t\t\n\t\t\t\t\n\t\t\t<\/div> Del 22 al 29 de Septembre al Raval es prepara una Trobada d&#8217;Associacions i Plataformes ciutadanes, culturals, socials&#8230; Si pertanys a alg\u00fan grup i vols afegir-te a la trobada encara ets a temps. Fins al 15 de d&#8217;Agost podeu inscriu-re-vos mitjan\u00e7ant el formulario que trobar\u00e0s en aquest ENLLA\u00c7: raval.es\/trobada2018 Aviat trobar\u00e0s m\u00e9s informaci\u00f3 a\u00e7i [&hellip;]<\/p>\n","protected":false},"author":1,"featured_media":2308,"comment_status":"open","ping_status":"open","sticky":false,"template":"","format":"standard","meta":{"_et_pb_use_builder":"on","_et_pb_old_content":"","_et_gb_content_width":"","_joinchat":[],"footnotes":""},"categories":[53],"tags":[],"class_list":["post-2304","post","type-post","status-publish","format-standard","has-post-thumbnail","hentry","category-projectes"],"_links":{"self":[{"href":"https:\/\/raval.es\/elx\/wp-json\/wp\/v2\/posts\/2304","targetHints":{"allow":["GET"]}}],"collection":[{"href":"https:\/\/raval.es\/elx\/wp-json\/wp\/v2\/posts"}],"about":[{"href":"https:\/\/raval.es\/elx\/wp-json\/wp\/v2\/types\/post"}],"author":[{"embeddable":true,"href":"https:\/\/raval.es\/elx\/wp-json\/wp\/v2\/users\/1"}],"replies":[{"embeddable":true,"href":"https:\/\/raval.es\/elx\/wp-json\/wp\/v2\/comments?post=2304"}],"version-history":[{"count":5,"href":"https:\/\/raval.es\/elx\/wp-json\/wp\/v2\/posts\/2304\/revisions"}],"predecessor-version":[{"id":2363,"href":"https:\/\/raval.es\/elx\/wp-json\/wp\/v2\/posts\/2304\/revisions\/2363"}],"wp:featuredmedia":[{"embeddable":true,"href":"https:\/\/raval.es\/elx\/wp-json\/wp\/v2\/media\/2308"}],"wp:attachment":[{"href":"https:\/\/raval.es\/elx\/wp-json\/wp\/v2\/media?parent=2304"}],"wp:term":[{"taxonomy":"category","embeddable":true,"href":"https:\/\/raval.es\/elx\/wp-json\/wp\/v2\/categories?post=2304"},{"taxonomy":"post_tag","embeddable":true,"href":"https:\/\/raval.es\/elx\/wp-json\/wp\/v2\/tags?post=2304"}],"curies":[{"name":"wp","href":"https:\/\/api.w.org\/{rel}","templated":true}]}}