{"id":2320,"date":"2018-07-25T23:32:45","date_gmt":"2018-07-25T23:32:45","guid":{"rendered":"http:\/\/raval.es\/elx\/?p=2320"},"modified":"2018-07-30T10:14:21","modified_gmt":"2018-07-30T10:14:21","slug":"facebook","status":"publish","type":"post","link":"https:\/\/raval.es\/elx\/facebook\/","title":{"rendered":"Campa\u00f1a contra los Tratados de Comercio e Inversi\u00f3n"},"content":{"rendered":"<div id=\"fb-root\"><\/div>\n<p>[et_pb_section bb_built=\u00bb1&#8243;][et_pb_row][et_pb_column type=\u00bb1_3&#8243;][et_pb_image _builder_version=\u00bb3.10.2&#8243; src=\u00bbhttp:\/\/raval.es\/elx\/wp-content\/uploads\/2018\/07\/jornada27J.jpg\u00bb \/][\/et_pb_column][et_pb_column type=\u00bb2_3&#8243;][et_pb_text _builder_version=\u00bb3.10.2&#8243;]<\/p>\n<p>Presentaci\u00f3n conjunta del Libro 10 a\u00f1os de crisis y de la Campa\u00f1a No a los TCI.<br \/>\nCastillo de Santa Pola. Viernes, 28 de Julio, 19:30h.<\/p>\n<p>Des De Baix &#8211; Attac Pa\u00eds Valenci\u00e0 y Attac Alacant nos explican en su libro como 10 a\u00f1os despu\u00e9s de la ca\u00edda de Leman Brothers, ha llegado el momento de descifrar la crisis financiera mundial desde el punto de vista de la ciudadan\u00eda y de proponer soluciones comunes para favorecer el inter\u00e9s general. En este libro Attac denuncia el impacto negativo de unos mercados financieros cortoplacistas y antidemocr\u00e1ticos que alimentan la desigualdad social, la pobreza, el colapso de los servicios p\u00fablicos y el cambio clim\u00e1tico. Urge poner fin a esta era de financiarizaci\u00f3n y salir de una sociedad dominada por la l\u00f3gica depredadora de los bancos y los mercados financieros.<\/p>\n<p>La Plataforma No als TCI d&#8217;Elx junto con Alacant No als TCI presentamos la renovaci\u00f3n de la campa\u00f1a No al TTIP-CETA-TISA.<br \/>\nHasta ahora el objetivo de nuestro trabajo hab\u00eda sido detener las negociaciones del tratado transatl\u00e1ntico (TTIP) y el acuerdo con Canad\u00e1 (CETA). A ra\u00edz de las m\u00faltiples protestas, y gracias a la oposici\u00f3n de la sociedad civil, hemos conseguido \u00e9xitos importantes: el TTIP sigue paralizado, el acuerdo con Canad\u00e1 (CETA) a\u00fan tiene que ser ratificado por muchos parlamentos nacionales, y los tribunales privados para las grandes corporaciones (ISDS) han sido puestos en evidencia como antidemocr\u00e1ticos y han sufrido un desprestigio pol\u00edtico y jur\u00eddico en la Uni\u00f3n Europea (UE).<br \/>\nA pesar de estos logros, la UE contin\u00faa trabajando para imponer una agenda comercial neoliberal a trav\u00e9s de nuevos acuerdos, como el de servicios (TISA), y acaba de aprobar el tratado con Jap\u00f3n (JEFTA) . Pretende finalizar las negociaciones comerciales con M\u00e9xico y el bloque de Mercosur, obtener la aprobaci\u00f3n del Parlamento Europeo para los acuerdos con Singapur y Vietnam, y preparar una relaci\u00f3n comercial posterior al Brexit con el Reino Unido. Rechazamos las negociaciones de estos tratados, llevadas a cabo con gran opacidad, y exigimos un debate pol\u00edtico transparente y democr\u00e1tico.<\/p>\n<p>[\/et_pb_text][et_pb_code _builder_version=\u00bb3.10.2&#8243;]&lt;iframe src=\u00bbhttps:\/\/www.facebook.com\/plugins\/video.php?href=https%3A%2F%2Fwww.facebook.com%2F1703053363304618%2Fvideos%2F2116029772006973%2F&amp;show_text=0&amp;width=560&#8243; width=\u00bb560&#8243; height=\u00bb350&#8243; style=\u00bbborder:none;overflow:hidden\u00bb scrolling=\u00bbno\u00bb frameborder=\u00bb0&#8243; allowTransparency=\u00bbtrue\u00bb allowFullScreen=\u00bbtrue\u00bb&gt;&lt;\/iframe&gt;[\/et_pb_code][et_pb_code _builder_version=\u00bb3.10.2&#8243;]\n            <!-- Blueimp gallery -->\n            <div id=\"blueimp-gallery-2345\" class=\"blueimp-gallery blueimp-gallery-controls\">\n                <div class=\"slides\"><\/div>\n                <h3 class=\"title\"><\/h3>\n                <a class=\"prev\">\u2039<\/a>\n                <a class=\"next\">\u203a<\/a>\n                <a class=\"close\">\u00d7<\/a>\n                <a class=\"play-pause\"><\/a>\n                <ol class=\"indicator\"><\/ol>\n                <div class=\"modal fade\">\n                    <div class=\"modal-dialog\">\n                        <div class=\"modal-content\">\n                            <div class=\"modal-header\">\n                                <button type=\"button\" class=\"close\" aria-hidden=\"true\">\u00d7<\/button>\n                                <h4 class=\"modal-title\"><\/h4>\n                            <\/div>\n                            <div class=\"modal-body next\"><\/div>\n                            <div class=\"modal-footer\">\n                                <button type=\"button\" class=\"btn btn-default pull-left prev\">\n                                    <i class=\"glyphicon glyphicon-chevron-left\"><\/i>\n                                    Previous                                <\/button>\n                                <button type=\"button\" class=\"btn btn-primary next\">\n                                    Next                                    <i class=\"glyphicon glyphicon-chevron-right\"><\/i>\n                                <\/button>\n                            <\/div>\n                        <\/div>\n                    <\/div>\n                <\/div>\n            <\/div>\n\n            <script type=\"text\/javascript\">\n            jQuery(function() {\n                jQuery.extend(blueimp.Gallery.prototype.options, {\n                    useBootstrapModal: false,\n                    hidePageScrollbars: false,\n                    container: \"#blueimp-gallery-2345\",\n                });\n            });\n            <\/script>\n\n            [\/et_pb_code][\/et_pb_column][\/et_pb_row][\/et_pb_section]<\/p>\n","protected":false},"excerpt":{"rendered":"<p>Presentaci\u00f3n conjunta del Libro 10 a\u00f1os de crisis y de la Campa\u00f1a No a los TCI.<br \/>\nCastillo de Santa Pola. Viernes, 28 de Julio, 19:30h.<\/p>\n","protected":false},"author":1,"featured_media":2325,"comment_status":"open","ping_status":"open","sticky":false,"template":"","format":"standard","meta":{"_et_pb_use_builder":"on","_et_pb_old_content":"<p><img class=\"alignleft wp-image-2324 size-full\" src=\"http:\/\/raval.es\/elx\/wp-content\/uploads\/2018\/07\/jornada27J.jpg\" alt=\"\" width=\"633\" height=\"900\" \/>Presentaci\u00f3n conjunta del Libro 10 a\u00f1os de crisis y de la Campa\u00f1a No a los TCI.<br \/>Castillo de Santa Pola. Viernes, 28 de Julio, 19:30h.<\/p><p>Des De Baix - Attac Pa\u00eds Valenci\u00e0 y Attac Alacant nos explican en su libro como 10 a\u00f1os despu\u00e9s de la ca\u00edda de Leman Brothers, ha llegado el momento de descifrar la crisis financiera mundial desde el punto de vista de la ciudadan\u00eda y de proponer soluciones comunes para favorecer el inter\u00e9s general. En este libro Attac denuncia el impacto negativo de unos mercados financieros cortoplacistas y antidemocr\u00e1ticos que alimentan la desigualdad social, la pobreza, el colapso de los servicios p\u00fablicos y el cambio clim\u00e1tico. Urge poner fin a esta era de financiarizaci\u00f3n y salir de una sociedad dominada por la l\u00f3gica depredadora de los bancos y los mercados financieros.<\/p><p>La Plataforma No als TCI d'Elx junto con Alacant No als TCI presentamos la renovaci\u00f3n de la campa\u00f1a No al TTIP-CETA-TISA.<br \/>Hasta ahora el objetivo de nuestro trabajo hab\u00eda sido detener las negociaciones del tratado transatl\u00e1ntico (TTIP) y el acuerdo con Canad\u00e1 (CETA). A ra\u00edz de las m\u00faltiples protestas, y gracias a la oposici\u00f3n de la sociedad civil, hemos conseguido \u00e9xitos importantes: el TTIP sigue paralizado, el acuerdo con Canad\u00e1 (CETA) a\u00fan tiene que ser ratificado por muchos parlamentos nacionales, y los tribunales privados para las grandes corporaciones (ISDS) han sido puestos en evidencia como antidemocr\u00e1ticos y han sufrido un desprestigio pol\u00edtico y jur\u00eddico en la Uni\u00f3n Europea (UE).<br \/>A pesar de estos logros, la UE contin\u00faa trabajando para imponer una agenda comercial neoliberal a trav\u00e9s de nuevos acuerdos, como el de servicios (TISA), y acaba de aprobar el tratado con Jap\u00f3n (JEFTA) . Pretende finalizar las negociaciones comerciales con M\u00e9xico y el bloque de Mercosur, obtener la aprobaci\u00f3n del Parlamento Europeo para los acuerdos con Singapur y Vietnam, y preparar una relaci\u00f3n comercial posterior al Brexit con el Reino Unido. Rechazamos las negociaciones de estos tratados, llevadas a cabo con gran opacidad, y exigimos un debate pol\u00edtico transparente y democr\u00e1tico.<\/p>","_et_gb_content_width":"","_joinchat":[],"footnotes":""},"categories":[51],"tags":[],"class_list":["post-2320","post","type-post","status-publish","format-standard","has-post-thumbnail","hentry","category-noticias"],"_links":{"self":[{"href":"https:\/\/raval.es\/elx\/wp-json\/wp\/v2\/posts\/2320","targetHints":{"allow":["GET"]}}],"collection":[{"href":"https:\/\/raval.es\/elx\/wp-json\/wp\/v2\/posts"}],"about":[{"href":"https:\/\/raval.es\/elx\/wp-json\/wp\/v2\/types\/post"}],"author":[{"embeddable":true,"href":"https:\/\/raval.es\/elx\/wp-json\/wp\/v2\/users\/1"}],"replies":[{"embeddable":true,"href":"https:\/\/raval.es\/elx\/wp-json\/wp\/v2\/comments?post=2320"}],"version-history":[{"count":7,"href":"https:\/\/raval.es\/elx\/wp-json\/wp\/v2\/posts\/2320\/revisions"}],"predecessor-version":[{"id":2347,"href":"https:\/\/raval.es\/elx\/wp-json\/wp\/v2\/posts\/2320\/revisions\/2347"}],"wp:featuredmedia":[{"embeddable":true,"href":"https:\/\/raval.es\/elx\/wp-json\/wp\/v2\/media\/2325"}],"wp:attachment":[{"href":"https:\/\/raval.es\/elx\/wp-json\/wp\/v2\/media?parent=2320"}],"wp:term":[{"taxonomy":"category","embeddable":true,"href":"https:\/\/raval.es\/elx\/wp-json\/wp\/v2\/categories?post=2320"},{"taxonomy":"post_tag","embeddable":true,"href":"https:\/\/raval.es\/elx\/wp-json\/wp\/v2\/tags?post=2320"}],"curies":[{"name":"wp","href":"https:\/\/api.w.org\/{rel}","templated":true}]}}