{"id":2349,"date":"2018-08-02T16:24:01","date_gmt":"2018-08-02T16:24:01","guid":{"rendered":"http:\/\/raval.es\/elx\/?p=2349"},"modified":"2018-08-02T16:26:28","modified_gmt":"2018-08-02T16:26:28","slug":"el-raval-barrio-a-peatonalizar","status":"publish","type":"post","link":"https:\/\/raval.es\/elx\/el-raval-barrio-a-peatonalizar\/","title":{"rendered":"El Raval, barrio a peatonalizar"},"content":{"rendered":"<div id=\"fb-root\"><\/div>\n<p><iframe loading=\"lazy\" src=\"https:\/\/www.facebook.com\/plugins\/post.php?href=https%3A%2F%2Fwww.facebook.com%2Favravaldelx%2Fposts%2F1021239954703942&amp;width=500\" width=\"500\" height=\"462\" frameborder=\"0\"><\/iframe><\/p>\n","protected":false},"excerpt":{"rendered":"<p>La peatonalizaci\u00f3n no se contempla s\u00f3lo para la Corredora. Tambi\u00e9n est\u00e1 previsto peatonalizar les Eres de Santa Llucia, El Raval y la zona de Santa Teresa,  el barrio del Sagrado Coraz\u00f3n de Jes\u00fas hasta la calle Poeta Miguel Hern\u00e1ndez.<\/p>\n","protected":false},"author":1,"featured_media":2283,"comment_status":"open","ping_status":"open","sticky":false,"template":"","format":"standard","meta":{"_et_pb_use_builder":"","_et_pb_old_content":"","_et_gb_content_width":"","_joinchat":[],"footnotes":""},"categories":[51],"tags":[],"class_list":["post-2349","post","type-post","status-publish","format-standard","has-post-thumbnail","hentry","category-noticias"],"_links":{"self":[{"href":"https:\/\/raval.es\/elx\/wp-json\/wp\/v2\/posts\/2349","targetHints":{"allow":["GET"]}}],"collection":[{"href":"https:\/\/raval.es\/elx\/wp-json\/wp\/v2\/posts"}],"about":[{"href":"https:\/\/raval.es\/elx\/wp-json\/wp\/v2\/types\/post"}],"author":[{"embeddable":true,"href":"https:\/\/raval.es\/elx\/wp-json\/wp\/v2\/users\/1"}],"replies":[{"embeddable":true,"href":"https:\/\/raval.es\/elx\/wp-json\/wp\/v2\/comments?post=2349"}],"version-history":[{"count":3,"href":"https:\/\/raval.es\/elx\/wp-json\/wp\/v2\/posts\/2349\/revisions"}],"predecessor-version":[{"id":2352,"href":"https:\/\/raval.es\/elx\/wp-json\/wp\/v2\/posts\/2349\/revisions\/2352"}],"wp:featuredmedia":[{"embeddable":true,"href":"https:\/\/raval.es\/elx\/wp-json\/wp\/v2\/media\/2283"}],"wp:attachment":[{"href":"https:\/\/raval.es\/elx\/wp-json\/wp\/v2\/media?parent=2349"}],"wp:term":[{"taxonomy":"category","embeddable":true,"href":"https:\/\/raval.es\/elx\/wp-json\/wp\/v2\/categories?post=2349"},{"taxonomy":"post_tag","embeddable":true,"href":"https:\/\/raval.es\/elx\/wp-json\/wp\/v2\/tags?post=2349"}],"curies":[{"name":"wp","href":"https:\/\/api.w.org\/{rel}","templated":true}]}}