{"id":2366,"date":"2018-09-09T19:50:18","date_gmt":"2018-09-09T19:50:18","guid":{"rendered":"http:\/\/raval.es\/elx\/?p=2366"},"modified":"2024-01-29T20:36:34","modified_gmt":"2024-01-29T20:36:34","slug":"curso-de-huertos-urbanos-2-2","status":"publish","type":"post","link":"https:\/\/raval.es\/elx\/curso-de-huertos-urbanos-2-2\/","title":{"rendered":"Curso de Iniciaci\u00f3n a la AGRICULTURA ECOL\u00d3GICA"},"content":{"rendered":"<div id=\"fb-root\"><\/div>\n<p>[et_pb_section bb_built=\u00bb1&#8243; fullwidth=\u00bboff\u00bb specialty=\u00bbon\u00bb][et_pb_column type=\u00bb1_2&#8243;][et_pb_image src=\u00bbhttp:\/\/raval.es\/elx\/wp-content\/uploads\/2017\/10\/kit_huerto_urbano.jpg\u00bb show_in_lightbox=\u00bboff\u00bb url_new_window=\u00bboff\u00bb use_overlay=\u00bboff\u00bb animation=\u00bbleft\u00bb sticky=\u00bbon\u00bb align=\u00bbleft\u00bb force_fullwidth=\u00bboff\u00bb always_center_on_mobile=\u00bbon\u00bb use_border_color=\u00bboff\u00bb border_color=\u00bb#ffffff\u00bb border_style=\u00bbsolid\u00bb animation_direction=\u00bbleft\u00bb show_bottom_space=\u00bboff\u00bb animation_style=\u00bbslide\u00bb animation_duration=\u00bb500ms\u00bb animation_intensity_slide=\u00bb10%\u00bb \/][et_pb_image src=\u00bbhttp:\/\/raval.es\/elx\/wp-content\/uploads\/2017\/10\/tallerhorturba.jpg\u00bb show_in_lightbox=\u00bboff\u00bb url_new_window=\u00bboff\u00bb use_overlay=\u00bboff\u00bb animation=\u00bbleft\u00bb sticky=\u00bboff\u00bb align=\u00bbleft\u00bb force_fullwidth=\u00bboff\u00bb always_center_on_mobile=\u00bbon\u00bb use_border_color=\u00bboff\u00bb border_color=\u00bb#ffffff\u00bb border_style=\u00bbsolid\u00bb animation_direction=\u00bbleft\u00bb show_bottom_space=\u00bbon\u00bb animation_style=\u00bbslide\u00bb animation_duration=\u00bb500ms\u00bb animation_intensity_slide=\u00bb10%\u00bb \/][\/et_pb_column][et_pb_column type=\u00bb1_2&#8243; specialty_columns=\u00bb2&#8243;][et_pb_row_inner admin_label=\u00bbFila\u00bb][et_pb_column_inner type=\u00bb4_4&#8243; saved_specialty_column_type=\u00bb1_2&#8243;][et_pb_text use_border_color=\u00bboff\u00bb border_color_all=\u00bb#ffffff\u00bb module_alignment=\u00bbleft\u00bb _builder_version=\u00bb3.10.2&#8243;]<\/p>\n<h5><strong><img loading=\"lazy\" decoding=\"async\" class=\" wp-image-1652 alignleft\" src=\"http:\/\/raval.es\/elx\/wp-content\/uploads\/2017\/10\/kit_huerto_urbano-300x202.jpg\" alt=\"\" width=\"137\" height=\"92\" srcset=\"https:\/\/raval.es\/elx\/wp-content\/uploads\/2017\/10\/kit_huerto_urbano-300x202.jpg 300w, https:\/\/raval.es\/elx\/wp-content\/uploads\/2017\/10\/kit_huerto_urbano-768x517.jpg 768w, https:\/\/raval.es\/elx\/wp-content\/uploads\/2017\/10\/kit_huerto_urbano.jpg 800w\" sizes=\"auto, (max-width: 137px) 100vw, 137px\" \/>Desde el 5 de Octubre<br \/>\n<\/strong><\/h5>\n<h5>Coordina <em><strong>Maril\u00f3 Ant\u00f3n<br \/>\n<\/strong><\/em>Experta en Huertos ecol\u00f3gicos urbanos<\/h5>\n<p>[\/et_pb_text][\/et_pb_column_inner][\/et_pb_row_inner][et_pb_row_inner admin_label=\u00bbFila\u00bb][et_pb_column_inner type=\u00bb1_2&#8243; saved_specialty_column_type=\u00bb1_2&#8243;][et_pb_text use_border_color=\u00bboff\u00bb border_color_all=\u00bb#ffffff\u00bb module_alignment=\u00bbleft\u00bb _builder_version=\u00bb3.10.2&#8243;]<\/p>\n<p>El\u00a0 <strong>INICIO del Curso<\/strong> se realizar\u00e1 en la Universidad Miguel Hern\u00e1ndez el 5 de Octubre a las 16:00h<\/p>\n<p>El resto de <strong>sesiones te\u00f3ricas<\/strong> se realizar\u00e1n en el Centro Social del Raval (Pla\u00e7a Major del Raval) de 16 a 18:00h<\/p>\n<p>Las<strong> sesiones pr\u00e1cticas<\/strong> ser\u00e1n en el Huerto urbano de la Cuerna (Altabix) en horario de 16 a 18.00h<\/p>\n<p>[\/et_pb_text][\/et_pb_column_inner][et_pb_column_inner type=\u00bb1_2&#8243; saved_specialty_column_type=\u00bb1_2&#8243;][et_pb_text use_border_color=\u00bboff\u00bb border_color_all=\u00bb#ffffff\u00bb module_alignment=\u00bbleft\u00bb _builder_version=\u00bb3.10.2&#8243;]<\/p>\n<p>Inscripciones en:<br \/>\n<a href=\"http:\/\/raval.es\/2018\">raval.es\/2018<\/a> o <a href=\"mailto:info@raval.es\">info@raval.es<\/a><\/p>\n<p>El coste del curso es de 20\u20ac y se abonar\u00e1 el d\u00eda de inicio del curso o, previamente mediante ingreso bancario <em>(solicitar cuenta a <a href=\"mailto:info@raval.es\">info@raval.es<\/a>)<\/em><\/p>\n<p>Es imprescindible estar asociada\/o a la AV Raval<\/p>\n<p>[\/et_pb_text][\/et_pb_column_inner][\/et_pb_row_inner][\/et_pb_column][\/et_pb_section]<\/p>\n","protected":false},"excerpt":{"rendered":"<p>El pr\u00f3ximo 5 de Octubre se inicia un nuevo curso de Agricultura Ecol\u00f3gica, encaminado a servir de orientaci\u00f3n a las\/os interesadas\/os en participar en el proyecto del Huerto Urbano que en breve se pondr\u00e1 en marcha.<\/p>\n","protected":false},"author":1,"featured_media":1666,"comment_status":"closed","ping_status":"open","sticky":false,"template":"","format":"standard","meta":{"_et_pb_use_builder":"on","_et_pb_old_content":"","_et_gb_content_width":"","_joinchat":[],"footnotes":""},"categories":[91,64],"tags":[],"class_list":["post-2366","post","type-post","status-publish","format-standard","has-post-thumbnail","hentry","category-91","category-actividades"],"_links":{"self":[{"href":"https:\/\/raval.es\/elx\/wp-json\/wp\/v2\/posts\/2366","targetHints":{"allow":["GET"]}}],"collection":[{"href":"https:\/\/raval.es\/elx\/wp-json\/wp\/v2\/posts"}],"about":[{"href":"https:\/\/raval.es\/elx\/wp-json\/wp\/v2\/types\/post"}],"author":[{"embeddable":true,"href":"https:\/\/raval.es\/elx\/wp-json\/wp\/v2\/users\/1"}],"replies":[{"embeddable":true,"href":"https:\/\/raval.es\/elx\/wp-json\/wp\/v2\/comments?post=2366"}],"version-history":[{"count":4,"href":"https:\/\/raval.es\/elx\/wp-json\/wp\/v2\/posts\/2366\/revisions"}],"predecessor-version":[{"id":2372,"href":"https:\/\/raval.es\/elx\/wp-json\/wp\/v2\/posts\/2366\/revisions\/2372"}],"wp:featuredmedia":[{"embeddable":true,"href":"https:\/\/raval.es\/elx\/wp-json\/wp\/v2\/media\/1666"}],"wp:attachment":[{"href":"https:\/\/raval.es\/elx\/wp-json\/wp\/v2\/media?parent=2366"}],"wp:term":[{"taxonomy":"category","embeddable":true,"href":"https:\/\/raval.es\/elx\/wp-json\/wp\/v2\/categories?post=2366"},{"taxonomy":"post_tag","embeddable":true,"href":"https:\/\/raval.es\/elx\/wp-json\/wp\/v2\/tags?post=2366"}],"curies":[{"name":"wp","href":"https:\/\/api.w.org\/{rel}","templated":true}]}}