{"id":2393,"date":"2018-10-21T15:24:31","date_gmt":"2018-10-21T15:24:31","guid":{"rendered":"http:\/\/raval.es\/elx\/?p=2393"},"modified":"2022-08-05T16:09:15","modified_gmt":"2022-08-05T16:09:15","slug":"av-raval","status":"publish","type":"post","link":"https:\/\/raval.es\/elx\/av-raval\/","title":{"rendered":"AV RAVAL"},"content":{"rendered":"<div id=\"fb-root\"><\/div>\n\n[et_pb_section bb_built=\u00bb1&#8243;][et_pb_row][et_pb_column type=\u00bb1_3&#8243;][et_pb_image _builder_version=\u00bb3.10.2&#8243; src=\u00bbhttp:\/\/raval.es\/elx\/wp-content\/uploads\/2018\/10\/RAVALlogo2108.png\u00bb \/][et_pb_image _builder_version=\u00bb3.10.2&#8243; src=\u00bbhttp:\/\/raval.es\/elx\/wp-content\/uploads\/2018\/10\/cartellravalA5.jpg\u00bb \/][et_pb_gallery _builder_version=\u00bb3.10.2&#8243; show_title_and_caption=\u00bboff\u00bb show_pagination=\u00bboff\u00bb zoom_icon_color=\u00bb#2ea3f2&#8243; hover_overlay_color=\u00bbrgba(255,255,255,0.9)\u00bb gallery_ids=\u00bb2396,2397,2398,2399&#8243; \/][\/et_pb_column][et_pb_column type=\u00bb2_3&#8243;][et_pb_text _builder_version=\u00bb3.10.2&#8243;]\r\n<h3><strong>Associaci\u00f3 Ve\u00efnal RAVAL i carrers adjacents<\/strong><\/h3>\r\n[\/et_pb_text][et_pb_text _builder_version=\u00bb3.10.2&#8243;]\r\n\r\n<strong>ACTIVITATS TROBADA<\/strong>\r\n\r\nDissabte 29\/11:00:\r\n<strong>&#8211; Taller de Cistelles amb paper reciclat<\/strong>\r\n<strong>&#8211; Taller de Ganxet amb Pl\u00e0stic<\/strong>\r\n\r\n[\/et_pb_text][et_pb_text _builder_version=\u00bb3.10.2&#8243;]\r\n\r\n<strong>Informaci\u00f3 i assessorament<\/strong>\r\n<strong>Formaci\u00f3<\/strong>\r\nRealitzem tallers, cursos, xarrades i debats durant tot l\u2019any: ioga per a xiquets, conversem en angl\u00e9s, costura, mobilitat, tecnologia, i m\u00e9s.\r\n\r\n<strong>Fem barri<\/strong>\r\nPrograma que t\u00e9 com a objectiu la participaci\u00f3 directa per a la millora del nostre entorn, i en el qual el treball en xarxa \u00e9s un element imprescindible.\r\n\r\n<strong>Cultura<\/strong>\r\nRecuperaci\u00f3 de tradicions, Actuacions, Certamen literari, exposicions.\r\n\r\n<strong>Medi ambient<\/strong>\r\nCampanya residu zero, rutes bot\u00e0niques, visites a espais d\u2019inter\u00e9s ecol\u00f2gic, campanya contra l\u2019\u00fas del pl\u00e0stic,\r\n\r\n<strong>Senderisme<\/strong>\r\nCada mes fem una ruta de senderisme\r\n\r\n<strong>Hort urb\u00e0 ecol\u00f2gic<\/strong>\r\nCada any fem dos edicions del curs d\u2019iniciaci\u00f3 a l\u2019agricultura ecol\u00f2gica\r\n\r\n<strong>Participem en:<\/strong>\r\n<em>&#8211; Federaci\u00f3 d\u2019associacions ve\u00efnals Dama d\u2019Elx<\/em>\r\n<em>&#8211; Consell Municipal de Cultura<\/em>\r\n<em>&#8211; Consell del Major<\/em>\r\n<em>&#8211; Plataforma de Residu Zero<\/em>\r\n\r\n<strong>PATROCINADORS I COL\u00b7LABORADORS<\/strong>\r\n<em>&#8211; Conselleria Participaci\u00f3 i Transpar\u00e8ncia<\/em>\r\n<em>&#8211; Regidoria Participaci\u00f3 i associacionisme<\/em>\r\n<em>&#8211; Regidoria Benestar Social<\/em>\r\n<em>&#8211; Regidoria de Cultura <\/em>\r\n<em>&#8211; Federaci\u00f3 d\u2019Associacions Ve\u00efnals Dama d\u2019Elx<\/em>\r\n\r\nEntre tots i totes \u201cFem Barri\u201d\r\n\r\n[\/et_pb_text][et_pb_social_media_follow _builder_version=\u00bb3.10.2&#8243; follow_button=\u00bbon\u00bb][et_pb_social_media_follow_network _builder_version=\u00bb3.10.2&#8243; social_network=\u00bbfacebook\u00bb skype_action=\u00bbcall\u00bb url=\u00bbhttps:\/\/www.facebook.com\/ravalfembarri\/\u00bb background_color=\u00bb#3b5998&#8243; use_background_color_gradient=\u00bboff\u00bb background_color_gradient_start=\u00bb#2b87da\u00bb background_color_gradient_end=\u00bb#29c4a9&#8243; background_color_gradient_type=\u00bblinear\u00bb background_color_gradient_direction=\u00bb180deg\u00bb background_color_gradient_direction_radial=\u00bbcenter\u00bb background_color_gradient_start_position=\u00bb0%\u00bb background_color_gradient_end_position=\u00bb100%\u00bb background_color_gradient_overlays_image=\u00bboff\u00bb parallax=\u00bboff\u00bb parallax_method=\u00bbon\u00bb background_size=\u00bbcover\u00bb background_position=\u00bbcenter\u00bb background_repeat=\u00bbno-repeat\u00bb background_blend=\u00bbnormal\u00bb allow_player_pause=\u00bboff\u00bb background_video_pause_outside_viewport=\u00bbon\u00bb box_shadow_style=\u00bbnone\u00bb] Facebook [\/et_pb_social_media_follow_network][\/et_pb_social_media_follow][et_pb_text _builder_version=\u00bb3.10.2&#8243;]\r\n<h3 style=\"text-align: left;\">C\/Boix i Rosario, 2 (Pla\u00e7a Major del Raval)\r\nElx 03203<\/h3>\r\n<h2 style=\"text-align: left;\"><a href=\"http:\/\/www.raval.es\"><strong>www.raval.es<\/strong><\/a><\/h2>\r\n<h3 style=\"text-align: left;\"><img loading=\"lazy\" decoding=\"async\" class=\"wp-image-2400 alignnone\" src=\"http:\/\/raval.es\/elx\/wp-content\/uploads\/2018\/10\/email-150x150.png\" alt=\"\" width=\"70\" height=\"70\" srcset=\"https:\/\/raval.es\/elx\/wp-content\/uploads\/2018\/10\/email-150x150.png 150w, https:\/\/raval.es\/elx\/wp-content\/uploads\/2018\/10\/email.png 300w\" sizes=\"auto, (max-width: 70px) 100vw, 70px\" \/> <a href=\"mailto:info@raval.es\">info@raval.es<\/a><\/h3>\r\n<h3><img loading=\"lazy\" decoding=\"async\" class=\"alignnone wp-image-2402\" src=\"http:\/\/raval.es\/elx\/wp-content\/uploads\/2018\/10\/smartphone.png\" alt=\"\" width=\"70\" height=\"70\" srcset=\"https:\/\/raval.es\/elx\/wp-content\/uploads\/2018\/10\/smartphone.png 300w, https:\/\/raval.es\/elx\/wp-content\/uploads\/2018\/10\/smartphone-150x150.png 150w\" sizes=\"auto, (max-width: 70px) 100vw, 70px\" \/><img loading=\"lazy\" decoding=\"async\" class=\"wp-image-2401 alignnone\" src=\"http:\/\/raval.es\/elx\/wp-content\/uploads\/2018\/10\/Whatsapp-297x300.png\" alt=\"\" width=\"70\" height=\"71\" srcset=\"https:\/\/raval.es\/elx\/wp-content\/uploads\/2018\/10\/Whatsapp-297x300.png 297w, https:\/\/raval.es\/elx\/wp-content\/uploads\/2018\/10\/Whatsapp-150x150.png 150w, https:\/\/raval.es\/elx\/wp-content\/uploads\/2018\/10\/Whatsapp.png 300w\" sizes=\"auto, (max-width: 70px) 100vw, 70px\" \/>633 971 670<\/h3>\r\n[\/et_pb_text][\/et_pb_column][\/et_pb_row][\/et_pb_section]\n","protected":false},"excerpt":{"rendered":"<p>L&#8217;Associaci\u00f3 Ve\u00efnal Raval desenvolupa tasques de participaci\u00f3, formaci\u00f3, promoci\u00f3 cultural, senderisme, defensa del medi ambient, etc.<\/p>\n","protected":false},"author":1,"featured_media":2398,"comment_status":"closed","ping_status":"open","sticky":false,"template":"","format":"standard","meta":{"_et_pb_use_builder":"on","_et_pb_old_content":"","_et_gb_content_width":"","_joinchat":[],"footnotes":""},"categories":[92,96],"tags":[],"class_list":["post-2393","post","type-post","status-publish","format-standard","has-post-thumbnail","hentry","category-la-trobada-2018","category-la-trobada-2019"],"_links":{"self":[{"href":"https:\/\/raval.es\/elx\/wp-json\/wp\/v2\/posts\/2393","targetHints":{"allow":["GET"]}}],"collection":[{"href":"https:\/\/raval.es\/elx\/wp-json\/wp\/v2\/posts"}],"about":[{"href":"https:\/\/raval.es\/elx\/wp-json\/wp\/v2\/types\/post"}],"author":[{"embeddable":true,"href":"https:\/\/raval.es\/elx\/wp-json\/wp\/v2\/users\/1"}],"replies":[{"embeddable":true,"href":"https:\/\/raval.es\/elx\/wp-json\/wp\/v2\/comments?post=2393"}],"version-history":[{"count":2,"href":"https:\/\/raval.es\/elx\/wp-json\/wp\/v2\/posts\/2393\/revisions"}],"predecessor-version":[{"id":2994,"href":"https:\/\/raval.es\/elx\/wp-json\/wp\/v2\/posts\/2393\/revisions\/2994"}],"wp:featuredmedia":[{"embeddable":true,"href":"https:\/\/raval.es\/elx\/wp-json\/wp\/v2\/media\/2398"}],"wp:attachment":[{"href":"https:\/\/raval.es\/elx\/wp-json\/wp\/v2\/media?parent=2393"}],"wp:term":[{"taxonomy":"category","embeddable":true,"href":"https:\/\/raval.es\/elx\/wp-json\/wp\/v2\/categories?post=2393"},{"taxonomy":"post_tag","embeddable":true,"href":"https:\/\/raval.es\/elx\/wp-json\/wp\/v2\/tags?post=2393"}],"curies":[{"name":"wp","href":"https:\/\/api.w.org\/{rel}","templated":true}]}}