{"id":2411,"date":"2018-10-21T20:57:38","date_gmt":"2018-10-21T20:57:38","guid":{"rendered":"http:\/\/raval.es\/elx\/?p=2411"},"modified":"2019-09-12T12:07:04","modified_gmt":"2019-09-12T12:07:04","slug":"toubabs","status":"publish","type":"post","link":"https:\/\/raval.es\/elx\/toubabs\/","title":{"rendered":"TOUBABS TEAM"},"content":{"rendered":"<div id=\"fb-root\"><\/div>\n\n\n[et_pb_section bb_built=\u00bb1&#8243;][et_pb_row][et_pb_column type=\u00bb1_3&#8243;][et_pb_image _builder_version=\u00bb3.10.2&#8243; src=\u00bbhttp:\/\/raval.es\/elx\/wp-content\/uploads\/2018\/10\/toubabs_teamlogo.png\u00bb \/][et_pb_gallery _builder_version=\u00bb3.10.2&#8243; gallery_ids=\u00bb2413,2414,2415,2416,2417,2418,2419,2420&#8243; posts_number=\u00bb8&#8243; show_title_and_caption=\u00bboff\u00bb zoom_icon_color=\u00bb#2ea3f2&#8243; hover_overlay_color=\u00bbrgba(255,255,255,0.9)\u00bb \/][\/et_pb_column][et_pb_column type=\u00bb2_3&#8243;][et_pb_text _builder_version=\u00bb3.10.2&#8243;]\r\n<h3><strong>Toubabs TEAM\r\n<\/strong><\/h3>\r\n[\/et_pb_text][et_pb_text _builder_version=\u00bb3.10.2&#8243;]\r\n\r\n<strong>ACTIVITATS TROBADA<\/strong>\r\n\r\nDissabte 29\/11:30:\r\n<strong>&#8211; Documental: JUNTOS CONSTRUIMOS SALUD<\/strong>\r\nDissabte 29\/11:30:\r\n<strong>&#8211; Taller i mural cooperatiu<\/strong>\r\n\r\n[\/et_pb_text][et_pb_text _builder_version=\u00bb3.10.2&#8243;]\r\n\r\n<strong>ONGD<\/strong>\r\nSede: Elche &#8211; Fecha de nacimiento: 2016\r\n\r\n\u00c1mbito de actuaci\u00f3n: Sam Sam, barrio situado a 14 kilometros de Dakar (Senegal) con una poblaci\u00f3n fija en torno a 14.000 habitantes y flotante que puede llegar a los 20.000. Este barrio carece de todo tipo de servicios p\u00fablicos como alcantarillado, tratamiento de residuos y salud. En este punto nuestra organizaci\u00f3n ha conseguido construir un centro de salud que actualmente se encuentra en fase de dotaci\u00f3n de material y que esperamos pueda ponerse en funcionamiento este oto\u00f1o.\r\n\r\nPor un convenio con las autoridades locales , el personal sanitario que atienda el centro de salud ser\u00e1 local.\r\nAs\u00ed mismo organizamos campa\u00f1as puntuales de revisiones sanitarias . La \u00faltima, en diciembre de 2017 con la ONGD Visi\u00f3 Sense Fronteres, que llev\u00f3 a cabo con apoyo de nuestros socios voluntarios, una campa\u00f1a de revisi\u00f3n visual en la que se atendi\u00f3 a m\u00e1s de un millar de personas.\r\n\r\n&nbsp;\r\n\r\n[\/et_pb_text][et_pb_social_media_follow _builder_version=\u00bb3.10.2&#8243; follow_button=\u00bbon\u00bb][et_pb_social_media_follow_network _builder_version=\u00bb3.10.2&#8243; social_network=\u00bbfacebook\u00bb skype_action=\u00bbcall\u00bb url=\u00bbhttps:\/\/www.facebook.com\/toubabsteam\/\u00bb background_color=\u00bb#3b5998&#8243; use_background_color_gradient=\u00bboff\u00bb background_color_gradient_start=\u00bb#2b87da\u00bb background_color_gradient_end=\u00bb#29c4a9&#8243; background_color_gradient_type=\u00bblinear\u00bb background_color_gradient_direction=\u00bb180deg\u00bb background_color_gradient_direction_radial=\u00bbcenter\u00bb background_color_gradient_start_position=\u00bb0%\u00bb background_color_gradient_end_position=\u00bb100%\u00bb background_color_gradient_overlays_image=\u00bboff\u00bb parallax=\u00bboff\u00bb parallax_method=\u00bbon\u00bb background_size=\u00bbcover\u00bb background_position=\u00bbcenter\u00bb background_repeat=\u00bbno-repeat\u00bb background_blend=\u00bbnormal\u00bb allow_player_pause=\u00bboff\u00bb background_video_pause_outside_viewport=\u00bbon\u00bb box_shadow_style=\u00bbnone\u00bb] Facebook [\/et_pb_social_media_follow_network][\/et_pb_social_media_follow][et_pb_text _builder_version=\u00bb3.10.2&#8243;]\r\n<h3 style=\"text-align: left;\"><\/h3>\r\n<h2 style=\"text-align: left;\"><a href=\"http:\/\/www.toubabsteam.org\"><strong>www.toubabsteam.org<\/strong><\/a><\/h2>\r\n<h3 style=\"text-align: left;\"><img loading=\"lazy\" decoding=\"async\" class=\"wp-image-2400 alignnone\" src=\"http:\/\/raval.es\/elx\/wp-content\/uploads\/2018\/10\/email-150x150.png\" alt=\"\" width=\"70\" height=\"70\" srcset=\"https:\/\/raval.es\/elx\/wp-content\/uploads\/2018\/10\/email-150x150.png 150w, https:\/\/raval.es\/elx\/wp-content\/uploads\/2018\/10\/email.png 300w\" sizes=\"auto, (max-width: 70px) 100vw, 70px\" \/> <a href=\"mailto:info@raval.es\">ccrys@msn.com<\/a><\/h3>\r\n<h3><img loading=\"lazy\" decoding=\"async\" class=\"alignnone wp-image-2402\" src=\"http:\/\/raval.es\/elx\/wp-content\/uploads\/2018\/10\/smartphone.png\" alt=\"\" width=\"70\" height=\"70\" srcset=\"https:\/\/raval.es\/elx\/wp-content\/uploads\/2018\/10\/smartphone.png 300w, https:\/\/raval.es\/elx\/wp-content\/uploads\/2018\/10\/smartphone-150x150.png 150w\" sizes=\"auto, (max-width: 70px) 100vw, 70px\" \/><img loading=\"lazy\" decoding=\"async\" class=\"wp-image-2401 alignnone\" src=\"http:\/\/raval.es\/elx\/wp-content\/uploads\/2018\/10\/Whatsapp-297x300.png\" alt=\"\" width=\"70\" height=\"71\" srcset=\"https:\/\/raval.es\/elx\/wp-content\/uploads\/2018\/10\/Whatsapp-297x300.png 297w, https:\/\/raval.es\/elx\/wp-content\/uploads\/2018\/10\/Whatsapp-150x150.png 150w, https:\/\/raval.es\/elx\/wp-content\/uploads\/2018\/10\/Whatsapp.png 300w\" sizes=\"auto, (max-width: 70px) 100vw, 70px\" \/>619 22 60 63<\/h3>\r\n[\/et_pb_text][\/et_pb_column][\/et_pb_row][\/et_pb_section]\n\n","protected":false},"excerpt":{"rendered":"<p>Sam Sam es un barrio situado a 14 kilometros de Dakar (Senegal). Este barrio carece de todo tipo de servicios p\u00fablicos como alcantarillado, tratamiento de residuos y salud. En este punto nuestra organizaci\u00f3n ha conseguido construir un centro de salud que actualmente se encuentra en fase de dotaci\u00f3n de material.<\/p>\n","protected":false},"author":1,"featured_media":2414,"comment_status":"open","ping_status":"open","sticky":false,"template":"","format":"standard","meta":{"_et_pb_use_builder":"on","_et_pb_old_content":"","_et_gb_content_width":"","_joinchat":[],"footnotes":""},"categories":[92,96],"tags":[],"class_list":["post-2411","post","type-post","status-publish","format-standard","has-post-thumbnail","hentry","category-la-trobada-2018","category-la-trobada-2019"],"_links":{"self":[{"href":"https:\/\/raval.es\/elx\/wp-json\/wp\/v2\/posts\/2411","targetHints":{"allow":["GET"]}}],"collection":[{"href":"https:\/\/raval.es\/elx\/wp-json\/wp\/v2\/posts"}],"about":[{"href":"https:\/\/raval.es\/elx\/wp-json\/wp\/v2\/types\/post"}],"author":[{"embeddable":true,"href":"https:\/\/raval.es\/elx\/wp-json\/wp\/v2\/users\/1"}],"replies":[{"embeddable":true,"href":"https:\/\/raval.es\/elx\/wp-json\/wp\/v2\/comments?post=2411"}],"version-history":[{"count":2,"href":"https:\/\/raval.es\/elx\/wp-json\/wp\/v2\/posts\/2411\/revisions"}],"predecessor-version":[{"id":2993,"href":"https:\/\/raval.es\/elx\/wp-json\/wp\/v2\/posts\/2411\/revisions\/2993"}],"wp:featuredmedia":[{"embeddable":true,"href":"https:\/\/raval.es\/elx\/wp-json\/wp\/v2\/media\/2414"}],"wp:attachment":[{"href":"https:\/\/raval.es\/elx\/wp-json\/wp\/v2\/media?parent=2411"}],"wp:term":[{"taxonomy":"category","embeddable":true,"href":"https:\/\/raval.es\/elx\/wp-json\/wp\/v2\/categories?post=2411"},{"taxonomy":"post_tag","embeddable":true,"href":"https:\/\/raval.es\/elx\/wp-json\/wp\/v2\/tags?post=2411"}],"curies":[{"name":"wp","href":"https:\/\/api.w.org\/{rel}","templated":true}]}}