{"id":2444,"date":"2018-10-24T20:55:41","date_gmt":"2018-10-24T20:55:41","guid":{"rendered":"http:\/\/raval.es\/elx\/?p=2444"},"modified":"2018-10-28T21:20:16","modified_gmt":"2018-10-28T21:20:16","slug":"la-trobada-dassociacions-2018","status":"publish","type":"post","link":"https:\/\/raval.es\/elx\/la-trobada-dassociacions-2018\/","title":{"rendered":"La Trobada d&#8217;Associacions 2018"},"content":{"rendered":"<div id=\"fb-root\"><\/div>\n<p>[et_pb_section bb_built=\u00bb1&#8243;][et_pb_row][et_pb_column type=\u00bb1_3&#8243;][et_pb_image _builder_version=\u00bb3.10.2&#8243; src=\u00bbhttp:\/\/raval.es\/elx\/wp-content\/uploads\/2018\/10\/T-LaTrobada2M18.jpg\u00bb url=\u00bbhttp:\/\/raval.es\/elx\/category\/la-trobada-2018\/\u00bb \/][\/et_pb_column][et_pb_column type=\u00bb2_3&#8243;][et_pb_text _builder_version=\u00bb3.10.2&#8243;]<\/p>\n<p>Del 22 al 29 de Setembre es va realitzar al Raval una Trobada d&#8217;Associacions d&#8217;Elx amb xerrades, excursions i altres.<br \/>\nEl colof\u00f3 fou una concentraci\u00f3 de paradetes on les distintes associacions participants varen expossar treballs, organitzar activitats amb la participaci\u00f3 dels vianants, a m\u00e9s d&#8217;informar dels seus objectius i tasques.<br \/>\nLa experi\u00e8ncia va ser prou bona, tant \u00e9s aix\u00ed que ens varem empla\u00e7ar per repetir-la i amb m\u00e9s associacions que no varen poder anar-hi.<\/p>\n<p><a href=\"http:\/\/raval.es\/elx\/latrobada2m18\/\">M\u00e9s informaci\u00f3<\/a><\/p>\n<p>[\/et_pb_text][\/et_pb_column][\/et_pb_row][\/et_pb_section]<\/p>\n","protected":false},"excerpt":{"rendered":"<p><div class=\"et_pb_row et_pb_row_0 et_pb_row_empty\">\n\t\t\t\t\n\t\t\t\t\n\t\t\t\t\n\t\t\t\t\n\t\t\t\t\n\t\t\t<\/div> Del 22 al 29 de Setembre es va realitzar al Raval una Trobada d&#8217;Associacions d&#8217;Elx amb xerrades, excursions i altres. El colof\u00f3 fou una concentraci\u00f3 de paradetes on les distintes associacions participants varen expossar treballs, organitzar activitats amb la participaci\u00f3 dels vianants, a m\u00e9s d&#8217;informar dels seus objectius i tasques. La experi\u00e8ncia va ser [&hellip;]<\/p>\n","protected":false},"author":1,"featured_media":2434,"comment_status":"open","ping_status":"open","sticky":false,"template":"","format":"standard","meta":{"_et_pb_use_builder":"on","_et_pb_old_content":"","_et_gb_content_width":"","_joinchat":[],"footnotes":""},"categories":[64],"tags":[],"class_list":["post-2444","post","type-post","status-publish","format-standard","has-post-thumbnail","hentry","category-actividades"],"_links":{"self":[{"href":"https:\/\/raval.es\/elx\/wp-json\/wp\/v2\/posts\/2444","targetHints":{"allow":["GET"]}}],"collection":[{"href":"https:\/\/raval.es\/elx\/wp-json\/wp\/v2\/posts"}],"about":[{"href":"https:\/\/raval.es\/elx\/wp-json\/wp\/v2\/types\/post"}],"author":[{"embeddable":true,"href":"https:\/\/raval.es\/elx\/wp-json\/wp\/v2\/users\/1"}],"replies":[{"embeddable":true,"href":"https:\/\/raval.es\/elx\/wp-json\/wp\/v2\/comments?post=2444"}],"version-history":[{"count":4,"href":"https:\/\/raval.es\/elx\/wp-json\/wp\/v2\/posts\/2444\/revisions"}],"predecessor-version":[{"id":2452,"href":"https:\/\/raval.es\/elx\/wp-json\/wp\/v2\/posts\/2444\/revisions\/2452"}],"wp:featuredmedia":[{"embeddable":true,"href":"https:\/\/raval.es\/elx\/wp-json\/wp\/v2\/media\/2434"}],"wp:attachment":[{"href":"https:\/\/raval.es\/elx\/wp-json\/wp\/v2\/media?parent=2444"}],"wp:term":[{"taxonomy":"category","embeddable":true,"href":"https:\/\/raval.es\/elx\/wp-json\/wp\/v2\/categories?post=2444"},{"taxonomy":"post_tag","embeddable":true,"href":"https:\/\/raval.es\/elx\/wp-json\/wp\/v2\/tags?post=2444"}],"curies":[{"name":"wp","href":"https:\/\/api.w.org\/{rel}","templated":true}]}}