{"id":2470,"date":"2018-11-04T18:27:02","date_gmt":"2018-11-04T18:27:02","guid":{"rendered":"http:\/\/raval.es\/elx\/?p=2470"},"modified":"2018-11-04T18:27:20","modified_gmt":"2018-11-04T18:27:20","slug":"lav-raval-en-la-trobada-veinal","status":"publish","type":"post","link":"https:\/\/raval.es\/elx\/lav-raval-en-la-trobada-veinal\/","title":{"rendered":"L&#8217;AV RAVAL en la trobada ve\u00efnal"},"content":{"rendered":"<div id=\"fb-root\"><\/div>\n<p>El darrer diumenge, 28 d&#8217;Octubre es va realitzar la trobada\/assemblea anual de la Federaci\u00f3 d&#8217;Associacions Ve\u00efnals d&#8217;Elx, on la nostra Associaci\u00f3 va posar la paradeta amb informaci\u00f3, articles de merchandising (entre elles les borses de cot\u00f3 i yute, per anar prenent conci\u00e8ncia d&#8217;eliminar les de pl\u00e0stic) i una sel\u00b7lecci\u00f3 forogr\u00e0fica de les activitats que l&#8217;Associaci\u00f3 ha dut a terme en els ultims mesos. La caseta va rebre, entre d&#8217;altres, la visita de l&#8217;alcalde, Carlos Gonzalez, el regidor de participaci\u00f3 ciutadana Felip S\u00e1nchez o el regidor de Ciudadanos, David Caballero A l&#8217;assemblea el nostre company Toni va transmetre la preocupaci\u00f3 de l&#8217;Associaci\u00f3 pel tractament de residus La Trobada va finalitzar amb un dinar de germanor consistent en una paella gegant i un concurs culinari de cocaboba.<\/p>\n<div class=\"postie-attachments\"><a href=\"http:\/\/raval.es\/elx\/?attachment_id=2471\"><img decoding=\"async\" src=\"http:\/\/raval.es\/elx\/wp-content\/uploads\/2018\/11\/raval-trobadaAAVV-300x224.jpeg\" alt=\"\" width=\"300px\" height=\"224px\" class=\"alignnone size-medium wp-image-2471\" srcset=\"https:\/\/raval.es\/elx\/wp-content\/uploads\/2018\/11\/raval-trobadaAAVV-300x224.jpeg 300w, https:\/\/raval.es\/elx\/wp-content\/uploads\/2018\/11\/raval-trobadaAAVV-768x574.jpeg 768w, https:\/\/raval.es\/elx\/wp-content\/uploads\/2018\/11\/raval-trobadaAAVV-1024x765.jpeg 1024w, https:\/\/raval.es\/elx\/wp-content\/uploads\/2018\/11\/raval-trobadaAAVV-510x382.jpeg 510w, https:\/\/raval.es\/elx\/wp-content\/uploads\/2018\/11\/raval-trobadaAAVV-1080x807.jpeg 1080w, https:\/\/raval.es\/elx\/wp-content\/uploads\/2018\/11\/raval-trobadaAAVV.jpeg 1600w\" sizes=\"(max-width: 300px) 100vw, 300px\" \/><\/a><\/div>\n","protected":false},"excerpt":{"rendered":"<p>El darrer diumenge, 28 d&#8217;Octubre es va realitzar la trobada\/assemblea anual de la Federaci\u00f3 d&#8217;Associacions Ve\u00efnals d&#8217;Elx, on la nostra Associaci\u00f3 va posar la paradeta amb informaci\u00f3, articles de merchandising (entre elles les borses de cot\u00f3 i yute, per anar prenent conci\u00e8ncia d&#8217;eliminar les de pl\u00e0stic) i una sel\u00b7lecci\u00f3 forogr\u00e0fica de les activitats que l&#8217;Associaci\u00f3 [&hellip;]<\/p>\n","protected":false},"author":10,"featured_media":2471,"comment_status":"open","ping_status":"open","sticky":false,"template":"","format":"standard","meta":{"_et_pb_use_builder":"","_et_pb_old_content":"","_et_gb_content_width":"","_joinchat":[],"footnotes":""},"categories":[51],"tags":[],"class_list":["post-2470","post","type-post","status-publish","format-standard","has-post-thumbnail","hentry","category-noticias"],"_links":{"self":[{"href":"https:\/\/raval.es\/elx\/wp-json\/wp\/v2\/posts\/2470","targetHints":{"allow":["GET"]}}],"collection":[{"href":"https:\/\/raval.es\/elx\/wp-json\/wp\/v2\/posts"}],"about":[{"href":"https:\/\/raval.es\/elx\/wp-json\/wp\/v2\/types\/post"}],"author":[{"embeddable":true,"href":"https:\/\/raval.es\/elx\/wp-json\/wp\/v2\/users\/10"}],"replies":[{"embeddable":true,"href":"https:\/\/raval.es\/elx\/wp-json\/wp\/v2\/comments?post=2470"}],"version-history":[{"count":0,"href":"https:\/\/raval.es\/elx\/wp-json\/wp\/v2\/posts\/2470\/revisions"}],"wp:featuredmedia":[{"embeddable":true,"href":"https:\/\/raval.es\/elx\/wp-json\/wp\/v2\/media\/2471"}],"wp:attachment":[{"href":"https:\/\/raval.es\/elx\/wp-json\/wp\/v2\/media?parent=2470"}],"wp:term":[{"taxonomy":"category","embeddable":true,"href":"https:\/\/raval.es\/elx\/wp-json\/wp\/v2\/categories?post=2470"},{"taxonomy":"post_tag","embeddable":true,"href":"https:\/\/raval.es\/elx\/wp-json\/wp\/v2\/tags?post=2470"}],"curies":[{"name":"wp","href":"https:\/\/api.w.org\/{rel}","templated":true}]}}