{"id":2553,"date":"2018-11-14T21:52:18","date_gmt":"2018-11-14T21:52:18","guid":{"rendered":"http:\/\/raval.es\/elx\/?p=2553"},"modified":"2018-12-13T20:28:47","modified_gmt":"2018-12-13T20:28:47","slug":"despertando-sonrisas-en-la-india-concierto-solidario-2","status":"publish","type":"post","link":"https:\/\/raval.es\/elx\/despertando-sonrisas-en-la-india-concierto-solidario-2\/","title":{"rendered":"SALSA &#038; BACHATA a la Pla\u00e7a del Raval el divendres, 16"},"content":{"rendered":"<div id=\"fb-root\"><\/div>\n<p>[et_pb_section bb_built=\u00bb1&#8243;][et_pb_row][et_pb_column type=\u00bb2_3&#8243;][et_pb_image _builder_version=\u00bb3.17.6&#8243; src=\u00bbhttp:\/\/raval.es\/elx\/wp-content\/uploads\/2018\/11\/salsabachata.jpg\u00bb \/][\/et_pb_column][et_pb_column type=\u00bb1_3&#8243;][et_pb_text _builder_version=\u00bb3.17.6&#8243;]<\/p>\n<p>Mou el teu cos a la Pla\u00e7a del raval aquest divendres, comen\u00e7a el cap de setmana amb molt bona marxa!<\/p>\n<p>Aquest divendres, 16, les 18:00h. comen\u00e7ar\u00e0 una MASTER CLASS de Salsa i Bachata que \u00e9s ben segur que far\u00e0 que els teus peus, bra\u00e7os&#8230; tot el teu cos no puga parar quiet ni un moment.<\/p>\n<p>[\/et_pb_text][\/et_pb_column][\/et_pb_row][\/et_pb_section]<\/p>\n","protected":false},"excerpt":{"rendered":"<p>Mou el teu cos a la Pla\u00e7a del raval aquest divendres, comen\u00e7a el cap de setmana amb molt bona marxa!<\/p>\n","protected":false},"author":1,"featured_media":2555,"comment_status":"open","ping_status":"open","sticky":false,"template":"","format":"standard","meta":{"_et_pb_use_builder":"on","_et_pb_old_content":"","_et_gb_content_width":"","_joinchat":[],"footnotes":""},"categories":[91,64],"tags":[],"class_list":["post-2553","post","type-post","status-publish","format-standard","has-post-thumbnail","hentry","category-91","category-actividades"],"_links":{"self":[{"href":"https:\/\/raval.es\/elx\/wp-json\/wp\/v2\/posts\/2553","targetHints":{"allow":["GET"]}}],"collection":[{"href":"https:\/\/raval.es\/elx\/wp-json\/wp\/v2\/posts"}],"about":[{"href":"https:\/\/raval.es\/elx\/wp-json\/wp\/v2\/types\/post"}],"author":[{"embeddable":true,"href":"https:\/\/raval.es\/elx\/wp-json\/wp\/v2\/users\/1"}],"replies":[{"embeddable":true,"href":"https:\/\/raval.es\/elx\/wp-json\/wp\/v2\/comments?post=2553"}],"version-history":[{"count":5,"href":"https:\/\/raval.es\/elx\/wp-json\/wp\/v2\/posts\/2553\/revisions"}],"predecessor-version":[{"id":2559,"href":"https:\/\/raval.es\/elx\/wp-json\/wp\/v2\/posts\/2553\/revisions\/2559"}],"wp:featuredmedia":[{"embeddable":true,"href":"https:\/\/raval.es\/elx\/wp-json\/wp\/v2\/media\/2555"}],"wp:attachment":[{"href":"https:\/\/raval.es\/elx\/wp-json\/wp\/v2\/media?parent=2553"}],"wp:term":[{"taxonomy":"category","embeddable":true,"href":"https:\/\/raval.es\/elx\/wp-json\/wp\/v2\/categories?post=2553"},{"taxonomy":"post_tag","embeddable":true,"href":"https:\/\/raval.es\/elx\/wp-json\/wp\/v2\/tags?post=2553"}],"curies":[{"name":"wp","href":"https:\/\/api.w.org\/{rel}","templated":true}]}}